{"id":37985,"date":"2025-05-12T09:53:16","date_gmt":"2025-05-12T12:53:16","guid":{"rendered":"https:\/\/radiostudiow.com.br\/site\/?p=37985"},"modified":"2025-05-12T09:53:17","modified_gmt":"2025-05-12T12:53:17","slug":"homem-e-preso-apos-mulher-denunciar-por-ameacas-e-tentativa-de-agressao-em-uniao-da-vitoria","status":"publish","type":"post","link":"https:\/\/radiostudiow.com.br\/site\/2025\/05\/12\/homem-e-preso-apos-mulher-denunciar-por-ameacas-e-tentativa-de-agressao-em-uniao-da-vitoria\/","title":{"rendered":"Homem \u00e9 preso ap\u00f3s mulher den\u00fanciar por amea\u00e7as e tentativa de agress\u00e3o em Uni\u00e3o da Vit\u00f3ria"},"content":{"rendered":"\n<figure class=\"wp-block-image size-full\"><img loading=\"lazy\" decoding=\"async\" width=\"897\" height=\"204\" src=\"https:\/\/radiostudiow.com.br\/site\/wp-content\/uploads\/2025\/01\/SITE-GRANDE2.png\" alt=\"\" class=\"wp-image-32805\" srcset=\"https:\/\/radiostudiow.com.br\/site\/wp-content\/uploads\/2025\/01\/SITE-GRANDE2.png 897w, https:\/\/radiostudiow.com.br\/site\/wp-content\/uploads\/2025\/01\/SITE-GRANDE2-300x68.png 300w, https:\/\/radiostudiow.com.br\/site\/wp-content\/uploads\/2025\/01\/SITE-GRANDE2-768x175.png 768w\" sizes=\"auto, (max-width: 897px) 100vw, 897px\" \/><\/figure>\n\n\n\n<p>Uma equipe da Pol\u00edcia Militar foi acionada para atender a uma ocorr\u00eancia de amea\u00e7a no bairro S\u00e3o Crist\u00f3v\u00e3o por volta das 14 horas deste domingo (11).\u00a0No local, os policiais encontraram v\u00e1rias pessoas em vis\u00edvel estado de embriaguez.<\/p>\n\n\n\n<p>Uma mulher se identificou como v\u00edtima e relatou que um homem tentou agredi-la fisicamente, sendo impedido por populares.\u00a0Ainda segundo a v\u00edtima, o suspeito, ao deixar o local, amea\u00e7ou retornar armado com uma faca para atac\u00e1-la.\u00a0A vers\u00e3o foi confirmada por uma testemunha presente.<\/p>\n\n\n\n<p>Com o interesse da v\u00edtima em representar criminalmente contra o autor, os policiais realizaram rondas e localizaram o homem a poucas quadras do local da ocorr\u00eancia. Nada de il\u00edcito foi encontrado com ele no momento da abordagem.\u00a0O suspeito, que alegou estar embriagado, admitiu desentendimentos com a mulher \u2014 com quem divide a mesma propriedade \u2014, mas negou as amea\u00e7as.<\/p>\n\n\n\n<figure class=\"wp-block-image size-full\"><img loading=\"lazy\" decoding=\"async\" width=\"598\" height=\"204\" src=\"https:\/\/radiostudiow.com.br\/site\/wp-content\/uploads\/2025\/01\/SITE-MEDIO3.png\" alt=\"\" class=\"wp-image-32815\" srcset=\"https:\/\/radiostudiow.com.br\/site\/wp-content\/uploads\/2025\/01\/SITE-MEDIO3.png 598w, https:\/\/radiostudiow.com.br\/site\/wp-content\/uploads\/2025\/01\/SITE-MEDIO3-300x102.png 300w\" sizes=\"auto, (max-width: 598px) 100vw, 598px\" \/><\/figure>\n\n\n\n<p>A v\u00edtima ainda afirmou que o homem j\u00e1 havia feito reiteradas amea\u00e7as e tentativas de agress\u00e3o,\u00a0al\u00e9m de persegui\u00e7\u00f5es ap\u00f3s ela recusar investidas sexuais.<\/p>\n\n\n\n<p>Diante dos fatos, ambas as partes foram encaminhadas ao Cart\u00f3rio do 27\u00ba Batalh\u00e3o de Pol\u00edcia Militar para a lavratura do Termo Circunstanciado. Atendimento m\u00e9dico foi oferecido, mas recusado por ambos. O boletim de ocorr\u00eancia foi registrado e, ap\u00f3s os procedimentos, os envolvidos foram liberados.<\/p>\n","protected":false},"excerpt":{"rendered":"<p>Uma equipe da Pol\u00edcia Militar foi acionada para atender a uma ocorr\u00eancia de amea\u00e7a no bairro S\u00e3o Crist\u00f3v\u00e3o por volta das 14 horas deste domingo (11).\u00a0No local, os policiais encontraram v\u00e1rias pessoas em vis\u00edvel estado de embriaguez. Uma mulher se identificou como v\u00edtima e relatou que um homem tentou agredi-la fisicamente, sendo impedido por populares.\u00a0Ainda [&hellip;]<\/p>\n","protected":false},"author":2,"featured_media":33000,"comment_status":"open","ping_status":"open","sticky":false,"template":"","format":"standard","meta":{"footnotes":""},"categories":[2],"tags":[172],"class_list":["post-37985","post","type-post","status-publish","format-standard","has-post-thumbnail","hentry","category-policial","tag-featured"],"amp_enabled":true,"_links":{"self":[{"href":"https:\/\/radiostudiow.com.br\/site\/wp-json\/wp\/v2\/posts\/37985","targetHints":{"allow":["GET"]}}],"collection":[{"href":"https:\/\/radiostudiow.com.br\/site\/wp-json\/wp\/v2\/posts"}],"about":[{"href":"https:\/\/radiostudiow.com.br\/site\/wp-json\/wp\/v2\/types\/post"}],"author":[{"embeddable":true,"href":"https:\/\/radiostudiow.com.br\/site\/wp-json\/wp\/v2\/users\/2"}],"replies":[{"embeddable":true,"href":"https:\/\/radiostudiow.com.br\/site\/wp-json\/wp\/v2\/comments?post=37985"}],"version-history":[{"count":1,"href":"https:\/\/radiostudiow.com.br\/site\/wp-json\/wp\/v2\/posts\/37985\/revisions"}],"predecessor-version":[{"id":37986,"href":"https:\/\/radiostudiow.com.br\/site\/wp-json\/wp\/v2\/posts\/37985\/revisions\/37986"}],"wp:featuredmedia":[{"embeddable":true,"href":"https:\/\/radiostudiow.com.br\/site\/wp-json\/wp\/v2\/media\/33000"}],"wp:attachment":[{"href":"https:\/\/radiostudiow.com.br\/site\/wp-json\/wp\/v2\/media?parent=37985"}],"wp:term":[{"taxonomy":"category","embeddable":true,"href":"https:\/\/radiostudiow.com.br\/site\/wp-json\/wp\/v2\/categories?post=37985"},{"taxonomy":"post_tag","embeddable":true,"href":"https:\/\/radiostudiow.com.br\/site\/wp-json\/wp\/v2\/tags?post=37985"}],"curies":[{"name":"wp","href":"https:\/\/api.w.org\/{rel}","templated":true}]}}