{"id":37995,"date":"2025-05-12T11:13:10","date_gmt":"2025-05-12T14:13:10","guid":{"rendered":"https:\/\/radiostudiow.com.br\/site\/?p=37995"},"modified":"2025-05-12T11:13:10","modified_gmt":"2025-05-12T14:13:10","slug":"idosa-denuncia-filho-embriagado-por-agressao-e-pm-apreende-armas-em-general-carneiro","status":"publish","type":"post","link":"https:\/\/radiostudiow.com.br\/site\/2025\/05\/12\/idosa-denuncia-filho-embriagado-por-agressao-e-pm-apreende-armas-em-general-carneiro\/","title":{"rendered":"Idosa denuncia filho embriagado por agress\u00e3o e PM apreende armas em General Carneiro"},"content":{"rendered":"\n<figure class=\"wp-block-image size-full\"><img loading=\"lazy\" decoding=\"async\" width=\"598\" height=\"204\" src=\"https:\/\/radiostudiow.com.br\/site\/wp-content\/uploads\/2025\/01\/SITE-MEDIO7.png\" alt=\"\" class=\"wp-image-32801\" srcset=\"https:\/\/radiostudiow.com.br\/site\/wp-content\/uploads\/2025\/01\/SITE-MEDIO7.png 598w, https:\/\/radiostudiow.com.br\/site\/wp-content\/uploads\/2025\/01\/SITE-MEDIO7-300x102.png 300w\" sizes=\"auto, (max-width: 598px) 100vw, 598px\" \/><\/figure>\n\n\n\n<p>A Pol\u00edcia Militar foi acionada por uma idosa de 86 anos que denunciou o pr\u00f3prio filho por agress\u00f5es e amea\u00e7as, no munic\u00edpio de General Carneiro, na Estrada da Paca por volta das 14h30min desse s\u00e1bado (10).<\/p>\n\n\n\n<p>O homem, que estava embriagado, reagiu \u00e0 pris\u00e3o e precisou ser contido com t\u00e9cnicas de imobiliza\u00e7\u00e3o. Durante a abordagem, os policiais localizaram uma espingarda calibre 22, municiada e sem registro, al\u00e9m de muni\u00e7\u00f5es de calibres 38 e 28<\/p>\n\n\n\n<figure class=\"wp-block-image size-full\"><img loading=\"lazy\" decoding=\"async\" width=\"300\" height=\"180\" src=\"https:\/\/radiostudiow.com.br\/site\/wp-content\/uploads\/2025\/05\/NEO.png\" alt=\"\" class=\"wp-image-37540\"\/><\/figure>\n\n\n\n<p> Na resid\u00eancia, os agentes tamb\u00e9m identificaram um vazamento de g\u00e1s, que foi prontamente controlado.<\/p>\n\n\n\n<p>O suspeito foi preso em flagrante e levado \u00e0 delegacia, junto com a v\u00edtima, testemunhas e o material apreendido.<\/p>\n","protected":false},"excerpt":{"rendered":"<p>A Pol\u00edcia Militar foi acionada por uma idosa de 86 anos que denunciou o pr\u00f3prio filho por agress\u00f5es e amea\u00e7as, no munic\u00edpio de General Carneiro, na Estrada da Paca por volta das 14h30min desse s\u00e1bado (10). O homem, que estava embriagado, reagiu \u00e0 pris\u00e3o e precisou ser contido com t\u00e9cnicas de imobiliza\u00e7\u00e3o. Durante a abordagem, [&hellip;]<\/p>\n","protected":false},"author":2,"featured_media":37996,"comment_status":"open","ping_status":"open","sticky":false,"template":"","format":"standard","meta":{"footnotes":""},"categories":[2],"tags":[172],"class_list":["post-37995","post","type-post","status-publish","format-standard","has-post-thumbnail","hentry","category-policial","tag-featured"],"amp_enabled":true,"_links":{"self":[{"href":"https:\/\/radiostudiow.com.br\/site\/wp-json\/wp\/v2\/posts\/37995","targetHints":{"allow":["GET"]}}],"collection":[{"href":"https:\/\/radiostudiow.com.br\/site\/wp-json\/wp\/v2\/posts"}],"about":[{"href":"https:\/\/radiostudiow.com.br\/site\/wp-json\/wp\/v2\/types\/post"}],"author":[{"embeddable":true,"href":"https:\/\/radiostudiow.com.br\/site\/wp-json\/wp\/v2\/users\/2"}],"replies":[{"embeddable":true,"href":"https:\/\/radiostudiow.com.br\/site\/wp-json\/wp\/v2\/comments?post=37995"}],"version-history":[{"count":1,"href":"https:\/\/radiostudiow.com.br\/site\/wp-json\/wp\/v2\/posts\/37995\/revisions"}],"predecessor-version":[{"id":37997,"href":"https:\/\/radiostudiow.com.br\/site\/wp-json\/wp\/v2\/posts\/37995\/revisions\/37997"}],"wp:featuredmedia":[{"embeddable":true,"href":"https:\/\/radiostudiow.com.br\/site\/wp-json\/wp\/v2\/media\/37996"}],"wp:attachment":[{"href":"https:\/\/radiostudiow.com.br\/site\/wp-json\/wp\/v2\/media?parent=37995"}],"wp:term":[{"taxonomy":"category","embeddable":true,"href":"https:\/\/radiostudiow.com.br\/site\/wp-json\/wp\/v2\/categories?post=37995"},{"taxonomy":"post_tag","embeddable":true,"href":"https:\/\/radiostudiow.com.br\/site\/wp-json\/wp\/v2\/tags?post=37995"}],"curies":[{"name":"wp","href":"https:\/\/api.w.org\/{rel}","templated":true}]}}