{"id":37998,"date":"2025-05-12T11:17:49","date_gmt":"2025-05-12T14:17:49","guid":{"rendered":"https:\/\/radiostudiow.com.br\/site\/?p=37998"},"modified":"2025-05-12T11:17:49","modified_gmt":"2025-05-12T14:17:49","slug":"tres-pessoas-ficam-feridas-em-acidente-entre-motos-em-porto-uniao","status":"publish","type":"post","link":"https:\/\/radiostudiow.com.br\/site\/2025\/05\/12\/tres-pessoas-ficam-feridas-em-acidente-entre-motos-em-porto-uniao\/","title":{"rendered":"Tr\u00eas pessoas ficam feridas em acidente entre motos em Porto Uni\u00e3o"},"content":{"rendered":"\n<p>O Corpo de Bombeiros de Porto Uni\u00e3o foi acionado para atender a um acidente de tr\u00e2nsito envolvendo duas motocicletas na Avenida dos Ferrovi\u00e1rios, no bairro S\u00e3o Pedro na tarde deste domingo (11).<\/p>\n\n\n\n<p>A colis\u00e3o resultou em tr\u00eas pessoas feridas. O primeiro envolvido, condutor de uma das motos, foi encontrado deitado de lado, sem capacete, consciente e responsivo, com ferimentos na face, especificamente nos l\u00e1bios superiores. Ap\u00f3s limpeza do ferimento com gaze e soro fisiol\u00f3gico, ele foi imobilizado em uma maca r\u00edgida.<\/p>\n\n\n\n<figure class=\"wp-block-image size-full\"><img loading=\"lazy\" decoding=\"async\" width=\"300\" height=\"180\" src=\"https:\/\/radiostudiow.com.br\/site\/wp-content\/uploads\/2025\/04\/AGRODU.png\" alt=\"\" class=\"wp-image-37219\"\/><\/figure>\n\n\n\n<div class=\"wp-block-media-text is-stacked-on-mobile\"><figure class=\"wp-block-media-text__media\"><img loading=\"lazy\" decoding=\"async\" width=\"720\" height=\"597\" src=\"https:\/\/radiostudiow.com.br\/site\/wp-content\/uploads\/2025\/05\/image-28.png\" alt=\"\" class=\"wp-image-37999 size-full\" srcset=\"https:\/\/radiostudiow.com.br\/site\/wp-content\/uploads\/2025\/05\/image-28.png 720w, https:\/\/radiostudiow.com.br\/site\/wp-content\/uploads\/2025\/05\/image-28-300x249.png 300w\" sizes=\"auto, (max-width: 720px) 100vw, 720px\" \/><\/figure><div class=\"wp-block-media-text__content\">\n<p>O segundo ferido, garupa da mesma moto, estava sentado, consciente e com um ferimento no p\u00e9 direito. Ele tamb\u00e9m recebeu limpeza e curativo no local.<\/p>\n<\/div><\/div>\n\n\n\n<p>A terceira v\u00edtima, condutor da segunda motocicleta, estava deambulando, sem capacete, consciente e apresentava contus\u00e3o no tornozelo direito. Ap\u00f3s avalia\u00e7\u00e3o, todos apresentavam sinais vitais dentro dos par\u00e2metros normais. As tr\u00eas v\u00edtimas foram conduzidas ao Hospital S\u00e3o Braz para avalia\u00e7\u00e3o m\u00e9dica.<\/p>\n\n\n\n<figure class=\"wp-block-image size-full\"><img loading=\"lazy\" decoding=\"async\" width=\"900\" height=\"408\" src=\"https:\/\/radiostudiow.com.br\/site\/wp-content\/uploads\/2025\/03\/SITE-E-TV-1.png\" alt=\"\" class=\"wp-image-35744\" srcset=\"https:\/\/radiostudiow.com.br\/site\/wp-content\/uploads\/2025\/03\/SITE-E-TV-1.png 900w, https:\/\/radiostudiow.com.br\/site\/wp-content\/uploads\/2025\/03\/SITE-E-TV-1-300x136.png 300w, https:\/\/radiostudiow.com.br\/site\/wp-content\/uploads\/2025\/03\/SITE-E-TV-1-768x348.png 768w\" sizes=\"auto, (max-width: 900px) 100vw, 900px\" \/><\/figure>\n","protected":false},"excerpt":{"rendered":"<p>O Corpo de Bombeiros de Porto Uni\u00e3o foi acionado para atender a um acidente de tr\u00e2nsito envolvendo duas motocicletas na Avenida dos Ferrovi\u00e1rios, no bairro S\u00e3o Pedro na tarde deste domingo (11). A colis\u00e3o resultou em tr\u00eas pessoas feridas. O primeiro envolvido, condutor de uma das motos, foi encontrado deitado de lado, sem capacete, consciente [&hellip;]<\/p>\n","protected":false},"author":2,"featured_media":38000,"comment_status":"open","ping_status":"open","sticky":false,"template":"","format":"standard","meta":{"footnotes":""},"categories":[185],"tags":[172],"class_list":["post-37998","post","type-post","status-publish","format-standard","has-post-thumbnail","hentry","category-regional","tag-featured"],"amp_enabled":true,"_links":{"self":[{"href":"https:\/\/radiostudiow.com.br\/site\/wp-json\/wp\/v2\/posts\/37998","targetHints":{"allow":["GET"]}}],"collection":[{"href":"https:\/\/radiostudiow.com.br\/site\/wp-json\/wp\/v2\/posts"}],"about":[{"href":"https:\/\/radiostudiow.com.br\/site\/wp-json\/wp\/v2\/types\/post"}],"author":[{"embeddable":true,"href":"https:\/\/radiostudiow.com.br\/site\/wp-json\/wp\/v2\/users\/2"}],"replies":[{"embeddable":true,"href":"https:\/\/radiostudiow.com.br\/site\/wp-json\/wp\/v2\/comments?post=37998"}],"version-history":[{"count":2,"href":"https:\/\/radiostudiow.com.br\/site\/wp-json\/wp\/v2\/posts\/37998\/revisions"}],"predecessor-version":[{"id":38002,"href":"https:\/\/radiostudiow.com.br\/site\/wp-json\/wp\/v2\/posts\/37998\/revisions\/38002"}],"wp:featuredmedia":[{"embeddable":true,"href":"https:\/\/radiostudiow.com.br\/site\/wp-json\/wp\/v2\/media\/38000"}],"wp:attachment":[{"href":"https:\/\/radiostudiow.com.br\/site\/wp-json\/wp\/v2\/media?parent=37998"}],"wp:term":[{"taxonomy":"category","embeddable":true,"href":"https:\/\/radiostudiow.com.br\/site\/wp-json\/wp\/v2\/categories?post=37998"},{"taxonomy":"post_tag","embeddable":true,"href":"https:\/\/radiostudiow.com.br\/site\/wp-json\/wp\/v2\/tags?post=37998"}],"curies":[{"name":"wp","href":"https:\/\/api.w.org\/{rel}","templated":true}]}}