{"id":38003,"date":"2025-05-12T11:19:48","date_gmt":"2025-05-12T14:19:48","guid":{"rendered":"https:\/\/radiostudiow.com.br\/site\/?p=38003"},"modified":"2025-05-12T11:19:49","modified_gmt":"2025-05-12T14:19:49","slug":"homem-fica-ferido-em-acidente-envolvendo-dois-veiculos-em-reboucas","status":"publish","type":"post","link":"https:\/\/radiostudiow.com.br\/site\/2025\/05\/12\/homem-fica-ferido-em-acidente-envolvendo-dois-veiculos-em-reboucas\/","title":{"rendered":"Homem fica ferido em acidente envolvendo dois ve\u00edculos em Rebou\u00e7as"},"content":{"rendered":"\n<figure class=\"wp-block-image size-full\"><img loading=\"lazy\" decoding=\"async\" width=\"897\" height=\"204\" src=\"https:\/\/radiostudiow.com.br\/site\/wp-content\/uploads\/2025\/01\/SITE-GRANDE.png\" alt=\"\" class=\"wp-image-32809\" srcset=\"https:\/\/radiostudiow.com.br\/site\/wp-content\/uploads\/2025\/01\/SITE-GRANDE.png 897w, https:\/\/radiostudiow.com.br\/site\/wp-content\/uploads\/2025\/01\/SITE-GRANDE-300x68.png 300w, https:\/\/radiostudiow.com.br\/site\/wp-content\/uploads\/2025\/01\/SITE-GRANDE-768x175.png 768w\" sizes=\"auto, (max-width: 897px) 100vw, 897px\" \/><\/figure>\n\n\n\n<p>Passageiro do Fusca de 24 anos, teve ferimentos leves, foi encaminhado para atendimento hospitalar.A condutora do Jeep de 34 anos, e os passageiros de 42 e 14 anos, ambos sa\u00edram ilesos.<\/p>\n\n\n\n<p>Um acidente do tipo colis\u00e3o transversal seguido de capotamentoenvolvendo dois ve\u00edculos e resultando em uma pessoas lesionada, na noite do \u00faltimo 10\/05, por volta das 23h00 na BR-153 km 349 em Rebou\u00e7as<\/p>\n\n\n\n<p>Os ve\u00edculos envolvidos foram: Um Fusca de cor vermelha com placas de Rebou\u00e7as (PR) e um Jeep de cor branca com placas de Irati (PR).<\/p>\n\n\n\n<figure class=\"wp-block-image size-full\"><img loading=\"lazy\" decoding=\"async\" width=\"598\" height=\"204\" src=\"https:\/\/radiostudiow.com.br\/site\/wp-content\/uploads\/2025\/01\/SITE-MEDIO.png\" alt=\"\" class=\"wp-image-32810\" srcset=\"https:\/\/radiostudiow.com.br\/site\/wp-content\/uploads\/2025\/01\/SITE-MEDIO.png 598w, https:\/\/radiostudiow.com.br\/site\/wp-content\/uploads\/2025\/01\/SITE-MEDIO-300x102.png 300w\" sizes=\"auto, (max-width: 598px) 100vw, 598px\" \/><\/figure>\n\n\n\n<p>A condutora do Fusca n\u00e3o foi localizada no local do acidente. O passageiro de 24 anos, teve les\u00f5es leves e foi encaminhado para atendimento.<\/p>\n\n\n\n<p>A condutora do Jeep, de 34 anos, permaneceu ilesa. Realizou o teste do baf\u00f4metro tendo resultado negativo para ingest\u00e3o de \u00e1lcool. Os passageiros de 42 e 14 anos, permaneceram ilesos.<\/p>\n\n\n\n<p><em>Informa\u00e7\u00f5es PRF<br>Imagem Rede Social\/Divulga\u00e7\u00e3o<br>Colabora\u00e7\u00e3o Rep\u00f3rter Kiko de Oliveira<\/em><\/p>\n\n\n\n<figure class=\"wp-block-image size-full\"><img loading=\"lazy\" decoding=\"async\" width=\"493\" height=\"521\" src=\"https:\/\/radiostudiow.com.br\/site\/wp-content\/uploads\/2025\/05\/image-30.png\" alt=\"\" class=\"wp-image-38004\" srcset=\"https:\/\/radiostudiow.com.br\/site\/wp-content\/uploads\/2025\/05\/image-30.png 493w, https:\/\/radiostudiow.com.br\/site\/wp-content\/uploads\/2025\/05\/image-30-284x300.png 284w\" sizes=\"auto, (max-width: 493px) 100vw, 493px\" \/><\/figure>\n","protected":false},"excerpt":{"rendered":"<p>Passageiro do Fusca de 24 anos, teve ferimentos leves, foi encaminhado para atendimento hospitalar.A condutora do Jeep de 34 anos, e os passageiros de 42 e 14 anos, ambos sa\u00edram ilesos. Um acidente do tipo colis\u00e3o transversal seguido de capotamentoenvolvendo dois ve\u00edculos e resultando em uma pessoas lesionada, na noite do \u00faltimo 10\/05, por volta [&hellip;]<\/p>\n","protected":false},"author":2,"featured_media":38005,"comment_status":"open","ping_status":"open","sticky":false,"template":"","format":"standard","meta":{"footnotes":""},"categories":[185],"tags":[172],"class_list":["post-38003","post","type-post","status-publish","format-standard","has-post-thumbnail","hentry","category-regional","tag-featured"],"amp_enabled":true,"_links":{"self":[{"href":"https:\/\/radiostudiow.com.br\/site\/wp-json\/wp\/v2\/posts\/38003","targetHints":{"allow":["GET"]}}],"collection":[{"href":"https:\/\/radiostudiow.com.br\/site\/wp-json\/wp\/v2\/posts"}],"about":[{"href":"https:\/\/radiostudiow.com.br\/site\/wp-json\/wp\/v2\/types\/post"}],"author":[{"embeddable":true,"href":"https:\/\/radiostudiow.com.br\/site\/wp-json\/wp\/v2\/users\/2"}],"replies":[{"embeddable":true,"href":"https:\/\/radiostudiow.com.br\/site\/wp-json\/wp\/v2\/comments?post=38003"}],"version-history":[{"count":1,"href":"https:\/\/radiostudiow.com.br\/site\/wp-json\/wp\/v2\/posts\/38003\/revisions"}],"predecessor-version":[{"id":38006,"href":"https:\/\/radiostudiow.com.br\/site\/wp-json\/wp\/v2\/posts\/38003\/revisions\/38006"}],"wp:featuredmedia":[{"embeddable":true,"href":"https:\/\/radiostudiow.com.br\/site\/wp-json\/wp\/v2\/media\/38005"}],"wp:attachment":[{"href":"https:\/\/radiostudiow.com.br\/site\/wp-json\/wp\/v2\/media?parent=38003"}],"wp:term":[{"taxonomy":"category","embeddable":true,"href":"https:\/\/radiostudiow.com.br\/site\/wp-json\/wp\/v2\/categories?post=38003"},{"taxonomy":"post_tag","embeddable":true,"href":"https:\/\/radiostudiow.com.br\/site\/wp-json\/wp\/v2\/tags?post=38003"}],"curies":[{"name":"wp","href":"https:\/\/api.w.org\/{rel}","templated":true}]}}