{"id":38007,"date":"2025-05-12T11:43:36","date_gmt":"2025-05-12T14:43:36","guid":{"rendered":"https:\/\/radiostudiow.com.br\/site\/?p=38007"},"modified":"2025-05-12T11:43:36","modified_gmt":"2025-05-12T14:43:36","slug":"colisao-frontal-em-cacador-deixa-uma-crianca-morta-e-feridos","status":"publish","type":"post","link":"https:\/\/radiostudiow.com.br\/site\/2025\/05\/12\/colisao-frontal-em-cacador-deixa-uma-crianca-morta-e-feridos\/","title":{"rendered":"Colis\u00e3o frontal em Ca\u00e7ador deixa uma crian\u00e7a morta e feridos"},"content":{"rendered":"\n<figure class=\"wp-block-image size-full\"><img loading=\"lazy\" decoding=\"async\" width=\"897\" height=\"204\" src=\"https:\/\/radiostudiow.com.br\/site\/wp-content\/uploads\/2025\/03\/SITE-GRANDE5.png\" alt=\"\" class=\"wp-image-35420\" srcset=\"https:\/\/radiostudiow.com.br\/site\/wp-content\/uploads\/2025\/03\/SITE-GRANDE5.png 897w, https:\/\/radiostudiow.com.br\/site\/wp-content\/uploads\/2025\/03\/SITE-GRANDE5-300x68.png 300w, https:\/\/radiostudiow.com.br\/site\/wp-content\/uploads\/2025\/03\/SITE-GRANDE5-768x175.png 768w\" sizes=\"auto, (max-width: 897px) 100vw, 897px\" \/><\/figure>\n\n\n\n<p>Um grave acidente de tr\u00e2nsito foi registrado no in\u00edcio da noite deste domingo, 11 de maio, no KM 157 da rodovia SC-350, em Ca\u00e7ador.<\/p>\n\n\n\n<p>A ocorr\u00eancia foi atendida por equipes de resgate \u00e0s 18h40, ap\u00f3s uma colis\u00e3o frontal entre um Land Rover, com placas de Ca\u00e7ador, e um caminh\u00e3o VW 17.230, de Irani.<\/p>\n\n\n\n<p>O Land Rover era conduzido por um homem de 52 anos, enquanto o caminh\u00e3o era dirigido por um homem de 30 anos.\u00a0No interior do carro de passeio estavam tr\u00eas ocupantes, todos com ferimentos graves.<\/p>\n\n\n\n<figure class=\"wp-block-image size-full\"><img loading=\"lazy\" decoding=\"async\" width=\"897\" height=\"204\" src=\"https:\/\/radiostudiow.com.br\/site\/wp-content\/uploads\/2025\/03\/image-62.png\" alt=\"\" class=\"wp-image-35859\" srcset=\"https:\/\/radiostudiow.com.br\/site\/wp-content\/uploads\/2025\/03\/image-62.png 897w, https:\/\/radiostudiow.com.br\/site\/wp-content\/uploads\/2025\/03\/image-62-300x68.png 300w, https:\/\/radiostudiow.com.br\/site\/wp-content\/uploads\/2025\/03\/image-62-768x175.png 768w\" sizes=\"auto, (max-width: 897px) 100vw, 897px\" \/><\/figure>\n\n\n\n<p>As v\u00edtimas foram socorridas por equipes do SAMU e do Corpo de Bombeiros de Ca\u00e7ador e encaminhadas ao Hospital Maic\u00e9 para atendimento m\u00e9dico.<\/p>\n\n\n\n<p>Apesar dos esfor\u00e7os das equipes m\u00e9dicas, uma das v\u00edtimas \u2013\u00a0uma crian\u00e7a de apenas 3 anos, que era passageira do Land Rover\u00a0\u2013 n\u00e3o resistiu aos ferimentos e morreu no hospital.<\/p>\n\n\n\n<p>As causas do acidente ser\u00e3o investigadas pelas autoridades competentes.<a href=\"mailto:?subject=Colis%C3%A3o%20frontal%20em%20Ca%C3%A7ador%20deixa%20uma%20crian%C3%A7a%20morta%20e%20feridos&amp;body=https:\/\/www.vvale.com.br\/transito\/colisao-frontal-em-cacador-deixa-uma-crianca-morta-e-feridos\/\" target=\"_blank\" rel=\"noreferrer noopener\"><\/a><\/p>\n","protected":false},"excerpt":{"rendered":"<p>Um grave acidente de tr\u00e2nsito foi registrado no in\u00edcio da noite deste domingo, 11 de maio, no KM 157 da rodovia SC-350, em Ca\u00e7ador. A ocorr\u00eancia foi atendida por equipes de resgate \u00e0s 18h40, ap\u00f3s uma colis\u00e3o frontal entre um Land Rover, com placas de Ca\u00e7ador, e um caminh\u00e3o VW 17.230, de Irani. O Land [&hellip;]<\/p>\n","protected":false},"author":2,"featured_media":38008,"comment_status":"open","ping_status":"open","sticky":false,"template":"","format":"standard","meta":{"footnotes":""},"categories":[185],"tags":[172],"class_list":["post-38007","post","type-post","status-publish","format-standard","has-post-thumbnail","hentry","category-regional","tag-featured"],"amp_enabled":true,"_links":{"self":[{"href":"https:\/\/radiostudiow.com.br\/site\/wp-json\/wp\/v2\/posts\/38007","targetHints":{"allow":["GET"]}}],"collection":[{"href":"https:\/\/radiostudiow.com.br\/site\/wp-json\/wp\/v2\/posts"}],"about":[{"href":"https:\/\/radiostudiow.com.br\/site\/wp-json\/wp\/v2\/types\/post"}],"author":[{"embeddable":true,"href":"https:\/\/radiostudiow.com.br\/site\/wp-json\/wp\/v2\/users\/2"}],"replies":[{"embeddable":true,"href":"https:\/\/radiostudiow.com.br\/site\/wp-json\/wp\/v2\/comments?post=38007"}],"version-history":[{"count":1,"href":"https:\/\/radiostudiow.com.br\/site\/wp-json\/wp\/v2\/posts\/38007\/revisions"}],"predecessor-version":[{"id":38009,"href":"https:\/\/radiostudiow.com.br\/site\/wp-json\/wp\/v2\/posts\/38007\/revisions\/38009"}],"wp:featuredmedia":[{"embeddable":true,"href":"https:\/\/radiostudiow.com.br\/site\/wp-json\/wp\/v2\/media\/38008"}],"wp:attachment":[{"href":"https:\/\/radiostudiow.com.br\/site\/wp-json\/wp\/v2\/media?parent=38007"}],"wp:term":[{"taxonomy":"category","embeddable":true,"href":"https:\/\/radiostudiow.com.br\/site\/wp-json\/wp\/v2\/categories?post=38007"},{"taxonomy":"post_tag","embeddable":true,"href":"https:\/\/radiostudiow.com.br\/site\/wp-json\/wp\/v2\/tags?post=38007"}],"curies":[{"name":"wp","href":"https:\/\/api.w.org\/{rel}","templated":true}]}}