{"id":38019,"date":"2025-05-12T17:00:26","date_gmt":"2025-05-12T20:00:26","guid":{"rendered":"https:\/\/radiostudiow.com.br\/site\/?p=38019"},"modified":"2025-05-12T17:01:21","modified_gmt":"2025-05-12T20:01:21","slug":"caminhao-tomba-na-br-476-na-regiao-da-lapa-e-deixa-uma-pessoa-ferida","status":"publish","type":"post","link":"https:\/\/radiostudiow.com.br\/site\/2025\/05\/12\/caminhao-tomba-na-br-476-na-regiao-da-lapa-e-deixa-uma-pessoa-ferida\/","title":{"rendered":"Caminh\u00e3o tomba na BR-476 em Lapa e deixa uma pessoa ferida"},"content":{"rendered":"\n<p>Um acidente de tr\u00e2nsito foi registrado\u00a0na BR-476, na altura do km 218, na regi\u00e3o da Lapa na manh\u00e3 desta segunda-feira (12). Um caminh\u00e3o carregado com cimento se desprendeu do cavalinho e tombou, deixando a via parcialmente bloqueada.<\/p>\n\n\n\n<figure class=\"wp-block-image size-full\"><img loading=\"lazy\" decoding=\"async\" width=\"897\" height=\"204\" src=\"https:\/\/radiostudiow.com.br\/site\/wp-content\/uploads\/2025\/03\/BARAO-NOVO-NOTICIAS-1.jpg\" alt=\"\" class=\"wp-image-35084\" srcset=\"https:\/\/radiostudiow.com.br\/site\/wp-content\/uploads\/2025\/03\/BARAO-NOVO-NOTICIAS-1.jpg 897w, https:\/\/radiostudiow.com.br\/site\/wp-content\/uploads\/2025\/03\/BARAO-NOVO-NOTICIAS-1-300x68.jpg 300w, https:\/\/radiostudiow.com.br\/site\/wp-content\/uploads\/2025\/03\/BARAO-NOVO-NOTICIAS-1-768x175.jpg 768w\" sizes=\"auto, (max-width: 897px) 100vw, 897px\" \/><\/figure>\n\n\n\n<p>De acordo com informa\u00e7\u00f5es da Pol\u00edcia Rodovi\u00e1ria Federal (PRF), uma pessoa foi atendida com ferimentos em decorr\u00eancia do acidente.\u00a0O trecho est\u00e1 operando no sistema \u201cpare e siga\u201d, com apenas uma faixa liberada para o tr\u00e1fego.<\/p>\n\n\n\n<p>Equipes de resgate e atendimento atuam no local, e o fluxo segue lento. A PRF orienta motoristas a redobrarem a aten\u00e7\u00e3o ao trafegar pela regi\u00e3o.<\/p>\n","protected":false},"excerpt":{"rendered":"<p>Um acidente de tr\u00e2nsito foi registrado\u00a0na BR-476, na altura do km 218, na regi\u00e3o da Lapa na manh\u00e3 desta segunda-feira (12). Um caminh\u00e3o carregado com cimento se desprendeu do cavalinho e tombou, deixando a via parcialmente bloqueada. De acordo com informa\u00e7\u00f5es da Pol\u00edcia Rodovi\u00e1ria Federal (PRF), uma pessoa foi atendida com ferimentos em decorr\u00eancia do [&hellip;]<\/p>\n","protected":false},"author":2,"featured_media":38020,"comment_status":"open","ping_status":"open","sticky":false,"template":"","format":"standard","meta":{"footnotes":""},"categories":[185],"tags":[172],"class_list":["post-38019","post","type-post","status-publish","format-standard","has-post-thumbnail","hentry","category-regional","tag-featured"],"amp_enabled":true,"_links":{"self":[{"href":"https:\/\/radiostudiow.com.br\/site\/wp-json\/wp\/v2\/posts\/38019","targetHints":{"allow":["GET"]}}],"collection":[{"href":"https:\/\/radiostudiow.com.br\/site\/wp-json\/wp\/v2\/posts"}],"about":[{"href":"https:\/\/radiostudiow.com.br\/site\/wp-json\/wp\/v2\/types\/post"}],"author":[{"embeddable":true,"href":"https:\/\/radiostudiow.com.br\/site\/wp-json\/wp\/v2\/users\/2"}],"replies":[{"embeddable":true,"href":"https:\/\/radiostudiow.com.br\/site\/wp-json\/wp\/v2\/comments?post=38019"}],"version-history":[{"count":4,"href":"https:\/\/radiostudiow.com.br\/site\/wp-json\/wp\/v2\/posts\/38019\/revisions"}],"predecessor-version":[{"id":38024,"href":"https:\/\/radiostudiow.com.br\/site\/wp-json\/wp\/v2\/posts\/38019\/revisions\/38024"}],"wp:featuredmedia":[{"embeddable":true,"href":"https:\/\/radiostudiow.com.br\/site\/wp-json\/wp\/v2\/media\/38020"}],"wp:attachment":[{"href":"https:\/\/radiostudiow.com.br\/site\/wp-json\/wp\/v2\/media?parent=38019"}],"wp:term":[{"taxonomy":"category","embeddable":true,"href":"https:\/\/radiostudiow.com.br\/site\/wp-json\/wp\/v2\/categories?post=38019"},{"taxonomy":"post_tag","embeddable":true,"href":"https:\/\/radiostudiow.com.br\/site\/wp-json\/wp\/v2\/tags?post=38019"}],"curies":[{"name":"wp","href":"https:\/\/api.w.org\/{rel}","templated":true}]}}