{"id":3802,"date":"2021-09-24T09:13:33","date_gmt":"2021-09-24T12:13:33","guid":{"rendered":"https:\/\/radiostudiow.com.br\/site\/?p=3802"},"modified":"2025-01-31T15:12:27","modified_gmt":"2025-01-31T18:12:27","slug":"prefeitos-da-regiao-pertencente-ao-27-btpm-participam-de-reuniao-com-o-comandante-geral-da-pmpr","status":"publish","type":"post","link":"https:\/\/radiostudiow.com.br\/site\/2021\/09\/24\/prefeitos-da-regiao-pertencente-ao-27-btpm-participam-de-reuniao-com-o-comandante-geral-da-pmpr\/","title":{"rendered":"PREFEITOS DA REGI\u00c3O PERTENCENTE AO 27\u00ba BTPM PARTICIPAM DE REUNI\u00c3O COM O COMANDANTE GERAL DA PMPR"},"content":{"rendered":"\n<p>Nesta quinta-feira (23), o excelent\u00edssimo senhor Comandante Geral da Pol\u00edcia Militar, Coronel QOPM Hudson Le\u00f4ncio Teixeira, visitou a sede do 27\u00ba Batalh\u00e3o de Pol\u00edcia Militar, em Uni\u00e3o da Vit\u00f3ria.<\/p>\n\n\n\n<p><br>Nesta ocasi\u00e3o, o comandante do 27\u00baBPM, Ten.-Cel. QOPM Joas Marcos Carneiro Lins, realizou uma apresenta\u00e7\u00e3o sobre a OPM para demonstrar o trabalho policial realizado na cidade e na regi\u00e3o de circunscri\u00e7\u00e3o do batalh\u00e3o.<br>Em seguida, o Comandante Geral conversou com o efetivo da Unidade, exemplificando os trabalhos j\u00e1 realizados e aqueles que est\u00e3o por vir dentro da corpora\u00e7\u00e3o.<\/p>\n\n\n\n<p>Ap\u00f3s, foi realizada uma reuni\u00e3o com os prefeitos da regi\u00e3o acerca da seguran\u00e7a p\u00fablica dos munic\u00edpios pertencentes a \u00e1rea do 27\u00ba BPM com a finalidade de conhecer as demandas da regi\u00e3o.&nbsp;<\/p>\n\n\n\n<p>O prefeito Moacir Alfredo Szinvelski explanou as dificuldades encontradas na seguran\u00e7a do munic\u00edpio mesmo com o baixo \u00edndice de criminalidade.<\/p>\n\n\n\n<p><em>&#8220;A cidade de Mallet bem como outros munic\u00edpios pequenos sofrem com o baixo efetivo policial. Temos dois distritos que merecem a aten\u00e7\u00e3o, bem como o interior e a cidade inteira sendo guardados por apenas 2 policiais \u00e0 noite e que ainda h\u00e1 necessidade da escolta de presos e detidos em flagrante para Uni\u00e3o da Vit\u00f3ria&#8221;<\/em>, frisou Szinvelski a nossa reportagem.<\/p>\n\n\n\n<figure class=\"wp-block-image size-full\"><img decoding=\"async\" src=\"https:\/\/radiostudiow.com.br\/site\/wp-content\/uploads\/2021\/09\/242925502_3014441495497008_4193479393230424411_n.jpg\" alt=\"\" class=\"wp-image-3803\"\/><\/figure>\n\n\n\n<p><br>Por sua vez o Comandante Geral da PMPR, em entrevista coletiva, destacou a grande import\u00e2ncia da popula\u00e7\u00e3o em ajudar a Pol\u00edcia Militar. <em>&#8220;\u00c9 muito importante que as pessoas, relatem a PM, realizem o boletim de ocorr\u00eancia, indiferente qual seja o tamanho do delito, pois assim o comandante da corpora\u00e7\u00e3o poder\u00e1 mostrar realmente as dificuldades dessa regi\u00e3o&#8221;<\/em>.<\/p>\n\n\n\n<p><br>Ainda em entrevista o Coronel Hudson falou sobre o aumento do efetivo com a contrata\u00e7\u00e3o de novos policiais. <em>&#8221; Estamos contratando cerca de 2.400 novas pessoas, destes quatrocentos ser\u00e3o bombeiros militares e dois mil novos policiais militares, o qual aumentar\u00e3o a seguran\u00e7a em todas as regi\u00f5es do estado, bem como a aquisi\u00e7\u00e3o de novas viaturas e equipamentos ao efetivo&#8221;<\/em>, salientou o Comandante Geral da Pol\u00edcia Militar do Paran\u00e1.<\/p>\n\n\n\n<figure class=\"wp-block-gallery columns-3 is-cropped wp-block-gallery-1 is-layout-flex wp-block-gallery-is-layout-flex\"><ul class=\"blocks-gallery-grid\"><li class=\"blocks-gallery-item\"><figure><img loading=\"lazy\" decoding=\"async\" width=\"1024\" height=\"768\" src=\"https:\/\/radiostudiow.com.br\/site\/wp-content\/uploads\/2021\/09\/IMG-20210924-WA0003-1024x768.jpg\" alt=\"\" data-id=\"3805\" data-full-url=\"https:\/\/radiostudiow.com.br\/site\/wp-content\/uploads\/2021\/09\/IMG-20210924-WA0003.jpg\" data-link=\"https:\/\/radiostudiow.com.br\/site\/?attachment_id=3805\" class=\"wp-image-3805\" srcset=\"https:\/\/radiostudiow.com.br\/site\/wp-content\/uploads\/2021\/09\/IMG-20210924-WA0003-1024x768.jpg 1024w, https:\/\/radiostudiow.com.br\/site\/wp-content\/uploads\/2021\/09\/IMG-20210924-WA0003-300x225.jpg 300w, https:\/\/radiostudiow.com.br\/site\/wp-content\/uploads\/2021\/09\/IMG-20210924-WA0003-768x576.jpg 768w, https:\/\/radiostudiow.com.br\/site\/wp-content\/uploads\/2021\/09\/IMG-20210924-WA0003-1536x1152.jpg 1536w, https:\/\/radiostudiow.com.br\/site\/wp-content\/uploads\/2021\/09\/IMG-20210924-WA0003.jpg 1600w\" sizes=\"auto, (max-width: 1024px) 100vw, 1024px\" \/><\/figure><\/li><li class=\"blocks-gallery-item\"><figure><img decoding=\"async\" src=\"https:\/\/radiostudiow.com.br\/site\/wp-content\/uploads\/2021\/09\/IMG-20210924-WA0004-1024x768.jpg\" alt=\"\" data-id=\"3806\" data-full-url=\"https:\/\/radiostudiow.com.br\/site\/wp-content\/uploads\/2021\/09\/IMG-20210924-WA0004.jpg\" data-link=\"https:\/\/radiostudiow.com.br\/site\/?attachment_id=3806\" class=\"wp-image-3806\"\/><\/figure><\/li><li class=\"blocks-gallery-item\"><figure><img loading=\"lazy\" decoding=\"async\" width=\"1024\" height=\"768\" src=\"https:\/\/radiostudiow.com.br\/site\/wp-content\/uploads\/2021\/09\/IMG-20210924-WA0005-1024x768.jpg\" alt=\"\" data-id=\"3807\" data-full-url=\"https:\/\/radiostudiow.com.br\/site\/wp-content\/uploads\/2021\/09\/IMG-20210924-WA0005.jpg\" data-link=\"https:\/\/radiostudiow.com.br\/site\/?attachment_id=3807\" class=\"wp-image-3807\" srcset=\"https:\/\/radiostudiow.com.br\/site\/wp-content\/uploads\/2021\/09\/IMG-20210924-WA0005-1024x768.jpg 1024w, https:\/\/radiostudiow.com.br\/site\/wp-content\/uploads\/2021\/09\/IMG-20210924-WA0005-300x225.jpg 300w, https:\/\/radiostudiow.com.br\/site\/wp-content\/uploads\/2021\/09\/IMG-20210924-WA0005-768x576.jpg 768w, https:\/\/radiostudiow.com.br\/site\/wp-content\/uploads\/2021\/09\/IMG-20210924-WA0005-1536x1152.jpg 1536w, https:\/\/radiostudiow.com.br\/site\/wp-content\/uploads\/2021\/09\/IMG-20210924-WA0005.jpg 1600w\" sizes=\"auto, (max-width: 1024px) 100vw, 1024px\" \/><\/figure><\/li><li class=\"blocks-gallery-item\"><figure><img loading=\"lazy\" decoding=\"async\" width=\"1024\" height=\"768\" src=\"https:\/\/radiostudiow.com.br\/site\/wp-content\/uploads\/2021\/09\/IMG-20210924-WA0006-1024x768.jpg\" alt=\"\" data-id=\"3808\" data-full-url=\"https:\/\/radiostudiow.com.br\/site\/wp-content\/uploads\/2021\/09\/IMG-20210924-WA0006.jpg\" data-link=\"https:\/\/radiostudiow.com.br\/site\/?attachment_id=3808\" class=\"wp-image-3808\" srcset=\"https:\/\/radiostudiow.com.br\/site\/wp-content\/uploads\/2021\/09\/IMG-20210924-WA0006-1024x768.jpg 1024w, https:\/\/radiostudiow.com.br\/site\/wp-content\/uploads\/2021\/09\/IMG-20210924-WA0006-300x225.jpg 300w, https:\/\/radiostudiow.com.br\/site\/wp-content\/uploads\/2021\/09\/IMG-20210924-WA0006-768x576.jpg 768w, https:\/\/radiostudiow.com.br\/site\/wp-content\/uploads\/2021\/09\/IMG-20210924-WA0006-1536x1152.jpg 1536w, https:\/\/radiostudiow.com.br\/site\/wp-content\/uploads\/2021\/09\/IMG-20210924-WA0006.jpg 1600w\" sizes=\"auto, (max-width: 1024px) 100vw, 1024px\" \/><\/figure><\/li><\/ul><\/figure>\n\n\n\n<figure class=\"wp-block-image size-full\"><img decoding=\"async\" src=\"https:\/\/radiostudiow.com.br\/site\/wp-content\/uploads\/2021\/09\/NUTRI-MALLET.jpg\" alt=\"\" class=\"wp-image-3543\"\/><\/figure>\n\n\n\n<p><\/p>\n","protected":false},"excerpt":{"rendered":"<p>Nesta quinta-feira (23), o excelent\u00edssimo senhor Comandante Geral da Pol\u00edcia Militar, Coronel QOPM Hudson Le\u00f4ncio Teixeira, visitou a sede do 27\u00ba Batalh\u00e3o de Pol\u00edcia Militar, em Uni\u00e3o da Vit\u00f3ria. Nesta ocasi\u00e3o, o comandante do 27\u00baBPM, Ten.-Cel. QOPM Joas Marcos Carneiro Lins, realizou uma apresenta\u00e7\u00e3o sobre a OPM para demonstrar o trabalho policial realizado na cidade [&hellip;]<\/p>\n","protected":false},"author":2,"featured_media":3804,"comment_status":"open","ping_status":"open","sticky":false,"template":"","format":"standard","meta":{"footnotes":""},"categories":[7],"tags":[172],"class_list":["post-3802","post","type-post","status-publish","format-standard","has-post-thumbnail","hentry","category-geral","tag-featured"],"amp_enabled":true,"_links":{"self":[{"href":"https:\/\/radiostudiow.com.br\/site\/wp-json\/wp\/v2\/posts\/3802","targetHints":{"allow":["GET"]}}],"collection":[{"href":"https:\/\/radiostudiow.com.br\/site\/wp-json\/wp\/v2\/posts"}],"about":[{"href":"https:\/\/radiostudiow.com.br\/site\/wp-json\/wp\/v2\/types\/post"}],"author":[{"embeddable":true,"href":"https:\/\/radiostudiow.com.br\/site\/wp-json\/wp\/v2\/users\/2"}],"replies":[{"embeddable":true,"href":"https:\/\/radiostudiow.com.br\/site\/wp-json\/wp\/v2\/comments?post=3802"}],"version-history":[{"count":2,"href":"https:\/\/radiostudiow.com.br\/site\/wp-json\/wp\/v2\/posts\/3802\/revisions"}],"predecessor-version":[{"id":3811,"href":"https:\/\/radiostudiow.com.br\/site\/wp-json\/wp\/v2\/posts\/3802\/revisions\/3811"}],"wp:featuredmedia":[{"embeddable":true,"href":"https:\/\/radiostudiow.com.br\/site\/wp-json\/wp\/v2\/media\/3804"}],"wp:attachment":[{"href":"https:\/\/radiostudiow.com.br\/site\/wp-json\/wp\/v2\/media?parent=3802"}],"wp:term":[{"taxonomy":"category","embeddable":true,"href":"https:\/\/radiostudiow.com.br\/site\/wp-json\/wp\/v2\/categories?post=3802"},{"taxonomy":"post_tag","embeddable":true,"href":"https:\/\/radiostudiow.com.br\/site\/wp-json\/wp\/v2\/tags?post=3802"}],"curies":[{"name":"wp","href":"https:\/\/api.w.org\/{rel}","templated":true}]}}