{"id":38028,"date":"2025-05-12T17:14:52","date_gmt":"2025-05-12T20:14:52","guid":{"rendered":"https:\/\/radiostudiow.com.br\/site\/?p=38028"},"modified":"2025-05-12T17:14:52","modified_gmt":"2025-05-12T20:14:52","slug":"ciclista-morre-atropelado-na-br-476-em-uniao-da-vitoria","status":"publish","type":"post","link":"https:\/\/radiostudiow.com.br\/site\/2025\/05\/12\/ciclista-morre-atropelado-na-br-476-em-uniao-da-vitoria\/","title":{"rendered":"Ciclista morre atropelado na BR-476 em Uni\u00e3o da Vit\u00f3ria"},"content":{"rendered":"\n<p>Na noite de s\u00e1bado, 10 de maio, um ciclista identificado como\u00a0Mois\u00e9s Ferreira perdeu a vida ap\u00f3s um atropelamento na BR-476 na regi\u00e3o do Mallon em Uni\u00e3o da Vit\u00f3ria. A visibilidade no local \u00e9 bem prec\u00e1ria.<\/p>\n\n\n\n<figure class=\"wp-block-image size-full\"><img loading=\"lazy\" decoding=\"async\" width=\"300\" height=\"180\" src=\"https:\/\/radiostudiow.com.br\/site\/wp-content\/uploads\/2025\/05\/NEO.png\" alt=\"\" class=\"wp-image-37540\"\/><\/figure>\n\n\n\n<p>De acordo com as informa\u00e7\u00f5es preliminares, a v\u00edtima conduzia uma bicicleta quando foi atingida por um ve\u00edculo ainda n\u00e3o identificado. O socorro foi acionado por\u00e9m o homem que estava na bicicleta j\u00e1 estava em \u00f3bito. <\/p>\n\n\n\n<p>O motorista n\u00e3o estava no local do acidente quando as equipes de resgate chegaram para o atendimento.<\/p>\n\n\n\n<figure class=\"wp-block-image size-full\"><img loading=\"lazy\" decoding=\"async\" width=\"503\" height=\"329\" src=\"https:\/\/radiostudiow.com.br\/site\/wp-content\/uploads\/2025\/05\/image-36.png\" alt=\"\" class=\"wp-image-38030\" srcset=\"https:\/\/radiostudiow.com.br\/site\/wp-content\/uploads\/2025\/05\/image-36.png 503w, https:\/\/radiostudiow.com.br\/site\/wp-content\/uploads\/2025\/05\/image-36-300x196.png 300w\" sizes=\"auto, (max-width: 503px) 100vw, 503px\" \/><\/figure>\n","protected":false},"excerpt":{"rendered":"<p>Na noite de s\u00e1bado, 10 de maio, um ciclista identificado como\u00a0Mois\u00e9s Ferreira perdeu a vida ap\u00f3s um atropelamento na BR-476 na regi\u00e3o do Mallon em Uni\u00e3o da Vit\u00f3ria. A visibilidade no local \u00e9 bem prec\u00e1ria. De acordo com as informa\u00e7\u00f5es preliminares, a v\u00edtima conduzia uma bicicleta quando foi atingida por um ve\u00edculo ainda n\u00e3o identificado. [&hellip;]<\/p>\n","protected":false},"author":2,"featured_media":38031,"comment_status":"open","ping_status":"open","sticky":false,"template":"","format":"standard","meta":{"footnotes":""},"categories":[185],"tags":[172],"class_list":["post-38028","post","type-post","status-publish","format-standard","has-post-thumbnail","hentry","category-regional","tag-featured"],"amp_enabled":true,"_links":{"self":[{"href":"https:\/\/radiostudiow.com.br\/site\/wp-json\/wp\/v2\/posts\/38028","targetHints":{"allow":["GET"]}}],"collection":[{"href":"https:\/\/radiostudiow.com.br\/site\/wp-json\/wp\/v2\/posts"}],"about":[{"href":"https:\/\/radiostudiow.com.br\/site\/wp-json\/wp\/v2\/types\/post"}],"author":[{"embeddable":true,"href":"https:\/\/radiostudiow.com.br\/site\/wp-json\/wp\/v2\/users\/2"}],"replies":[{"embeddable":true,"href":"https:\/\/radiostudiow.com.br\/site\/wp-json\/wp\/v2\/comments?post=38028"}],"version-history":[{"count":2,"href":"https:\/\/radiostudiow.com.br\/site\/wp-json\/wp\/v2\/posts\/38028\/revisions"}],"predecessor-version":[{"id":38032,"href":"https:\/\/radiostudiow.com.br\/site\/wp-json\/wp\/v2\/posts\/38028\/revisions\/38032"}],"wp:featuredmedia":[{"embeddable":true,"href":"https:\/\/radiostudiow.com.br\/site\/wp-json\/wp\/v2\/media\/38031"}],"wp:attachment":[{"href":"https:\/\/radiostudiow.com.br\/site\/wp-json\/wp\/v2\/media?parent=38028"}],"wp:term":[{"taxonomy":"category","embeddable":true,"href":"https:\/\/radiostudiow.com.br\/site\/wp-json\/wp\/v2\/categories?post=38028"},{"taxonomy":"post_tag","embeddable":true,"href":"https:\/\/radiostudiow.com.br\/site\/wp-json\/wp\/v2\/tags?post=38028"}],"curies":[{"name":"wp","href":"https:\/\/api.w.org\/{rel}","templated":true}]}}