{"id":38043,"date":"2025-05-13T09:49:29","date_gmt":"2025-05-13T12:49:29","guid":{"rendered":"https:\/\/radiostudiow.com.br\/site\/?p=38043"},"modified":"2025-05-13T09:51:28","modified_gmt":"2025-05-13T12:51:28","slug":"confusao-em-festa-termina-com-homem-inconsciente-e-denuncias-de-agressao-em-dorizon","status":"publish","type":"post","link":"https:\/\/radiostudiow.com.br\/site\/2025\/05\/13\/confusao-em-festa-termina-com-homem-inconsciente-e-denuncias-de-agressao-em-dorizon\/","title":{"rendered":"Confus\u00e3o em festa termina com homem inconsciente e den\u00fancias de agress\u00e3o em Dorizon"},"content":{"rendered":"\n<figure class=\"wp-block-image size-full\"><img loading=\"lazy\" decoding=\"async\" width=\"897\" height=\"204\" src=\"https:\/\/radiostudiow.com.br\/site\/wp-content\/uploads\/2025\/02\/SITE-GRANDE7.png\" alt=\"\" class=\"wp-image-33861\" srcset=\"https:\/\/radiostudiow.com.br\/site\/wp-content\/uploads\/2025\/02\/SITE-GRANDE7.png 897w, https:\/\/radiostudiow.com.br\/site\/wp-content\/uploads\/2025\/02\/SITE-GRANDE7-300x68.png 300w, https:\/\/radiostudiow.com.br\/site\/wp-content\/uploads\/2025\/02\/SITE-GRANDE7-768x175.png 768w\" sizes=\"auto, (max-width: 897px) 100vw, 897px\" \/><\/figure>\n\n\n\n<p>Uma festa na localidade de Dorizon, por volta das 22h deste domingo (11), terminou em confus\u00e3o generalizada, agress\u00f5es e a fuga de seguran\u00e7as ap\u00f3s serem atacados por frequentadores do evento.<\/p>\n\n\n\n<p>A Pol\u00edcia Militar foi acionada ap\u00f3s relatos de rixa envolvendo v\u00e1rias pessoas no interior do pavilh\u00e3o onde ocorria a celebra\u00e7\u00e3o.<\/p>\n\n\n\n<p>Segundo informa\u00e7\u00f5es repassadas \u00e0 equipe policial, os seguran\u00e7as abandonaram o local pelos fundos do recinto ap\u00f3s serem agredidos por um grupo ainda n\u00e3o identificado.<\/p>\n\n\n\n<figure class=\"wp-block-image size-full\"><img loading=\"lazy\" decoding=\"async\" width=\"300\" height=\"180\" src=\"https:\/\/radiostudiow.com.br\/site\/wp-content\/uploads\/2025\/05\/VANE.png\" alt=\"\" class=\"wp-image-38014\"\/><\/figure>\n\n\n\n<p>Ao chegarem ao local, os policiais encontraram o ambiente mais calmo e conversaram com o respons\u00e1vel pela festa, que confirmou a briga, mas disse que a situa\u00e7\u00e3o j\u00e1 estava sob controle.<\/p>\n\n\n\n<p>Diante dos fatos, os agentes orientaram o encerramento imediato do evento, medida que foi prontamente acatada pelo organizador.<\/p>\n\n\n\n<p>Minutos depois, a equipe policial se deslocou at\u00e9 o hospital da cidade, onde um dos envolvidos foi localizado em estado inconsciente, sendo atendido pela equipe m\u00e9dica.<\/p>\n\n\n\n<figure class=\"wp-block-image size-full\"><img loading=\"lazy\" decoding=\"async\" width=\"897\" height=\"204\" src=\"https:\/\/radiostudiow.com.br\/site\/wp-content\/uploads\/2025\/03\/BARAO-NOVO-NOTICIAS-1.jpg\" alt=\"\" class=\"wp-image-35084\" srcset=\"https:\/\/radiostudiow.com.br\/site\/wp-content\/uploads\/2025\/03\/BARAO-NOVO-NOTICIAS-1.jpg 897w, https:\/\/radiostudiow.com.br\/site\/wp-content\/uploads\/2025\/03\/BARAO-NOVO-NOTICIAS-1-300x68.jpg 300w, https:\/\/radiostudiow.com.br\/site\/wp-content\/uploads\/2025\/03\/BARAO-NOVO-NOTICIAS-1-768x175.jpg 768w\" sizes=\"auto, (max-width: 897px) 100vw, 897px\" \/><\/figure>\n\n\n\n<p>A filha da v\u00edtima, que tamb\u00e9m estava no hospital, relatou \u00e0 pol\u00edcia que n\u00e3o soube dizer o motivo da confus\u00e3o, apenas que viu o pai ca\u00eddo no ch\u00e3o e, ao tentar ajud\u00e1-lo, foi agredida com um tapa no rosto por uma mulher n\u00e3o identificada.<\/p>\n\n\n\n<p>A Pol\u00edcia registrou um boletim de ocorr\u00eancia e orientou os envolvidos quanto aos procedimentos legais. O caso segue sob investiga\u00e7\u00e3o, e a identidade dos agressores ainda est\u00e1 sendo apurada.<\/p>\n","protected":false},"excerpt":{"rendered":"<p>Uma festa na localidade de Dorizon, por volta das 22h deste domingo (11), terminou em confus\u00e3o generalizada, agress\u00f5es e a fuga de seguran\u00e7as ap\u00f3s serem atacados por frequentadores do evento. A Pol\u00edcia Militar foi acionada ap\u00f3s relatos de rixa envolvendo v\u00e1rias pessoas no interior do pavilh\u00e3o onde ocorria a celebra\u00e7\u00e3o. Segundo informa\u00e7\u00f5es repassadas \u00e0 equipe [&hellip;]<\/p>\n","protected":false},"author":2,"featured_media":17329,"comment_status":"open","ping_status":"open","sticky":false,"template":"","format":"standard","meta":{"footnotes":""},"categories":[2],"tags":[172],"class_list":["post-38043","post","type-post","status-publish","format-standard","has-post-thumbnail","hentry","category-policial","tag-featured"],"amp_enabled":true,"_links":{"self":[{"href":"https:\/\/radiostudiow.com.br\/site\/wp-json\/wp\/v2\/posts\/38043","targetHints":{"allow":["GET"]}}],"collection":[{"href":"https:\/\/radiostudiow.com.br\/site\/wp-json\/wp\/v2\/posts"}],"about":[{"href":"https:\/\/radiostudiow.com.br\/site\/wp-json\/wp\/v2\/types\/post"}],"author":[{"embeddable":true,"href":"https:\/\/radiostudiow.com.br\/site\/wp-json\/wp\/v2\/users\/2"}],"replies":[{"embeddable":true,"href":"https:\/\/radiostudiow.com.br\/site\/wp-json\/wp\/v2\/comments?post=38043"}],"version-history":[{"count":3,"href":"https:\/\/radiostudiow.com.br\/site\/wp-json\/wp\/v2\/posts\/38043\/revisions"}],"predecessor-version":[{"id":38058,"href":"https:\/\/radiostudiow.com.br\/site\/wp-json\/wp\/v2\/posts\/38043\/revisions\/38058"}],"wp:featuredmedia":[{"embeddable":true,"href":"https:\/\/radiostudiow.com.br\/site\/wp-json\/wp\/v2\/media\/17329"}],"wp:attachment":[{"href":"https:\/\/radiostudiow.com.br\/site\/wp-json\/wp\/v2\/media?parent=38043"}],"wp:term":[{"taxonomy":"category","embeddable":true,"href":"https:\/\/radiostudiow.com.br\/site\/wp-json\/wp\/v2\/categories?post=38043"},{"taxonomy":"post_tag","embeddable":true,"href":"https:\/\/radiostudiow.com.br\/site\/wp-json\/wp\/v2\/tags?post=38043"}],"curies":[{"name":"wp","href":"https:\/\/api.w.org\/{rel}","templated":true}]}}