{"id":38045,"date":"2025-05-13T09:47:41","date_gmt":"2025-05-13T12:47:41","guid":{"rendered":"https:\/\/radiostudiow.com.br\/site\/?p=38045"},"modified":"2025-05-13T09:50:27","modified_gmt":"2025-05-13T12:50:27","slug":"condutor-embriagado-mesmo-fugindo-da-policia-militar-acaba-preso-em-mallet","status":"publish","type":"post","link":"https:\/\/radiostudiow.com.br\/site\/2025\/05\/13\/condutor-embriagado-mesmo-fugindo-da-policia-militar-acaba-preso-em-mallet\/","title":{"rendered":"Condutor embriagado mesmo fugindo da Policia Militar acaba preso em Mallet"},"content":{"rendered":"\n<figure class=\"wp-block-image size-full\"><img loading=\"lazy\" decoding=\"async\" width=\"897\" height=\"204\" src=\"https:\/\/radiostudiow.com.br\/site\/wp-content\/uploads\/2025\/03\/image-62.png\" alt=\"\" class=\"wp-image-35859\" srcset=\"https:\/\/radiostudiow.com.br\/site\/wp-content\/uploads\/2025\/03\/image-62.png 897w, https:\/\/radiostudiow.com.br\/site\/wp-content\/uploads\/2025\/03\/image-62-300x68.png 300w, https:\/\/radiostudiow.com.br\/site\/wp-content\/uploads\/2025\/03\/image-62-768x175.png 768w\" sizes=\"auto, (max-width: 897px) 100vw, 897px\" \/><\/figure>\n\n\n\n<p>Na noite deste s\u00e1bado, 10 de maio, um homem foi preso por dirigir sob efeito de \u00e1lcool e desobedecer ordem de parada policial na \u00e1rea central de Mallet.<\/p>\n\n\n\n<p>O caso ocorreu por volta das 18h20 durante uma opera\u00e7\u00e3o de bloqueio de tr\u00e2nsito realizada pela Pol\u00edcia Militar.<br>A a\u00e7\u00e3o visava fiscalizar ve\u00edculos, coibir il\u00edcitos e localizar autom\u00f3veis furtados ou roubados.<\/p>\n\n\n\n<p>Durante a blitz, os policiais avistaram um Volkswagen Gol transitando com som alto aud\u00edvel do lado externo e o condutor sem cinto de seguran\u00e7a \u2014 duas infra\u00e7\u00f5es previstas no C\u00f3digo de Tr\u00e2nsito Brasileiro.<\/p>\n\n\n\n<figure class=\"wp-block-image size-full\"><img loading=\"lazy\" decoding=\"async\" width=\"598\" height=\"204\" src=\"https:\/\/radiostudiow.com.br\/site\/wp-content\/uploads\/2025\/05\/POLAK.png\" alt=\"\" class=\"wp-image-37847\" srcset=\"https:\/\/radiostudiow.com.br\/site\/wp-content\/uploads\/2025\/05\/POLAK.png 598w, https:\/\/radiostudiow.com.br\/site\/wp-content\/uploads\/2025\/05\/POLAK-300x102.png 300w\" sizes=\"auto, (max-width: 598px) 100vw, 598px\" \/><\/figure>\n\n\n\n<p>Ao receber ordem de parada, o motorista ignorou o comando e fugiu em alta velocidade, colocando em risco pedestres e outros ve\u00edculos. A equipe tentou realizar a abordagem, mas perdeu o carro de vista ap\u00f3s a fuga.<\/p>\n\n\n\n<p>Cerca de 35 minutos depois, o mesmo ve\u00edculo foi novamente avistado, desta vez nas proximidades do pelot\u00e3o da Pol\u00edcia Militar de Mallet.<\/p>\n\n\n\n<p>A abordagem foi realizada com sucesso e o condutor foi identificado.<\/p>\n\n\n\n<p>De forma espont\u00e2nea, o motorista confessou que havia fugido por estar com o som em volume excessivo e ap\u00f3s ter ingerido bebida alco\u00f3lica.<\/p>\n\n\n\n<figure class=\"wp-block-image size-full\"><img loading=\"lazy\" decoding=\"async\" width=\"897\" height=\"204\" src=\"https:\/\/radiostudiow.com.br\/site\/wp-content\/uploads\/2025\/03\/SITE-GRANDE5.png\" alt=\"\" class=\"wp-image-35420\" srcset=\"https:\/\/radiostudiow.com.br\/site\/wp-content\/uploads\/2025\/03\/SITE-GRANDE5.png 897w, https:\/\/radiostudiow.com.br\/site\/wp-content\/uploads\/2025\/03\/SITE-GRANDE5-300x68.png 300w, https:\/\/radiostudiow.com.br\/site\/wp-content\/uploads\/2025\/03\/SITE-GRANDE5-768x175.png 768w\" sizes=\"auto, (max-width: 897px) 100vw, 897px\" \/><\/figure>\n\n\n\n<p>Os policiais constataram odor et\u00edlico e encontraram uma lata de cerveja no interior do ve\u00edculo. O teste do baf\u00f4metro indicou 0,64 mg\/L de \u00e1lcool no sangue \u2014 valor que configura crime de tr\u00e2nsito.<\/p>\n\n\n\n<p>Diante dos fatos, o homem recebeu voz de pris\u00e3o e foi encaminhado \u00e0 4\u00aa Subdivis\u00e3o Policial de Uni\u00e3o da Vit\u00f3ria para os procedimentos cab\u00edveis.<\/p>\n\n\n\n<p>Segundo a PM, n\u00e3o houve necessidade do uso de algemas. O ve\u00edculo foi recolhido e as devidas autua\u00e7\u00f5es foram lavradas no destacamento da Pol\u00edcia Militar de Mallet.<\/p>\n\n\n\n<figure class=\"wp-block-image size-full\"><img loading=\"lazy\" decoding=\"async\" width=\"900\" height=\"408\" src=\"https:\/\/radiostudiow.com.br\/site\/wp-content\/uploads\/2025\/03\/SITE-E-TV-1.png\" alt=\"\" class=\"wp-image-35744\" srcset=\"https:\/\/radiostudiow.com.br\/site\/wp-content\/uploads\/2025\/03\/SITE-E-TV-1.png 900w, https:\/\/radiostudiow.com.br\/site\/wp-content\/uploads\/2025\/03\/SITE-E-TV-1-300x136.png 300w, https:\/\/radiostudiow.com.br\/site\/wp-content\/uploads\/2025\/03\/SITE-E-TV-1-768x348.png 768w\" sizes=\"auto, (max-width: 900px) 100vw, 900px\" \/><\/figure>\n","protected":false},"excerpt":{"rendered":"<p>Na noite deste s\u00e1bado, 10 de maio, um homem foi preso por dirigir sob efeito de \u00e1lcool e desobedecer ordem de parada policial na \u00e1rea central de Mallet. O caso ocorreu por volta das 18h20 durante uma opera\u00e7\u00e3o de bloqueio de tr\u00e2nsito realizada pela Pol\u00edcia Militar.A a\u00e7\u00e3o visava fiscalizar ve\u00edculos, coibir il\u00edcitos e localizar autom\u00f3veis [&hellip;]<\/p>\n","protected":false},"author":2,"featured_media":34163,"comment_status":"open","ping_status":"open","sticky":false,"template":"","format":"standard","meta":{"footnotes":""},"categories":[2],"tags":[172],"class_list":["post-38045","post","type-post","status-publish","format-standard","has-post-thumbnail","hentry","category-policial","tag-featured"],"amp_enabled":true,"_links":{"self":[{"href":"https:\/\/radiostudiow.com.br\/site\/wp-json\/wp\/v2\/posts\/38045","targetHints":{"allow":["GET"]}}],"collection":[{"href":"https:\/\/radiostudiow.com.br\/site\/wp-json\/wp\/v2\/posts"}],"about":[{"href":"https:\/\/radiostudiow.com.br\/site\/wp-json\/wp\/v2\/types\/post"}],"author":[{"embeddable":true,"href":"https:\/\/radiostudiow.com.br\/site\/wp-json\/wp\/v2\/users\/2"}],"replies":[{"embeddable":true,"href":"https:\/\/radiostudiow.com.br\/site\/wp-json\/wp\/v2\/comments?post=38045"}],"version-history":[{"count":4,"href":"https:\/\/radiostudiow.com.br\/site\/wp-json\/wp\/v2\/posts\/38045\/revisions"}],"predecessor-version":[{"id":38057,"href":"https:\/\/radiostudiow.com.br\/site\/wp-json\/wp\/v2\/posts\/38045\/revisions\/38057"}],"wp:featuredmedia":[{"embeddable":true,"href":"https:\/\/radiostudiow.com.br\/site\/wp-json\/wp\/v2\/media\/34163"}],"wp:attachment":[{"href":"https:\/\/radiostudiow.com.br\/site\/wp-json\/wp\/v2\/media?parent=38045"}],"wp:term":[{"taxonomy":"category","embeddable":true,"href":"https:\/\/radiostudiow.com.br\/site\/wp-json\/wp\/v2\/categories?post=38045"},{"taxonomy":"post_tag","embeddable":true,"href":"https:\/\/radiostudiow.com.br\/site\/wp-json\/wp\/v2\/tags?post=38045"}],"curies":[{"name":"wp","href":"https:\/\/api.w.org\/{rel}","templated":true}]}}