{"id":38068,"date":"2025-05-13T12:05:43","date_gmt":"2025-05-13T15:05:43","guid":{"rendered":"https:\/\/radiostudiow.com.br\/site\/?p=38068"},"modified":"2025-05-13T12:05:43","modified_gmt":"2025-05-13T15:05:43","slug":"denuncia-anonima-leva-policia-a-motorista-envolvido-em-acidente-fatal-na-br-476","status":"publish","type":"post","link":"https:\/\/radiostudiow.com.br\/site\/2025\/05\/13\/denuncia-anonima-leva-policia-a-motorista-envolvido-em-acidente-fatal-na-br-476\/","title":{"rendered":"Den\u00fancia an\u00f4nima leva pol\u00edcia a motorista envolvido em acidente fatal na BR-476"},"content":{"rendered":"\n<figure class=\"wp-block-image size-full\"><img loading=\"lazy\" decoding=\"async\" width=\"300\" height=\"180\" src=\"https:\/\/radiostudiow.com.br\/site\/wp-content\/uploads\/2025\/04\/DAIANE.png\" alt=\"\" class=\"wp-image-37227\"\/><\/figure>\n\n\n\n<p>A equipe da Pol\u00edcia Civil de Uni\u00e3o da Vit\u00f3ria localizou o motorista suspeito de ter atropelado e matado o ciclista\u00a0Mois\u00e9s Ferreira, de 43 anos,\u00a0na noite do \u00faltimo s\u00e1bado, 10 de maio, na rodovia BR-476, nas proximidades do bairro Mallon. Ap\u00f3s prestar depoimento, o condutor foi liberado nesta segunda-feira (12).<\/p>\n\n\n\n<p>Segundo informa\u00e7\u00f5es obtidas pela reportagem, o ve\u00edculo envolvido no acidente foi localizado no munic\u00edpio vizinho de Paula Freitas. O carro foi apreendido e passar\u00e1 por per\u00edcia t\u00e9cnica para auxiliar no andamento do inqu\u00e9rito. O condutor \u00e9 morador de Paulo Frontin.<\/p>\n\n\n\n<p>A identifica\u00e7\u00e3o do motorista s\u00f3 foi poss\u00edvel gra\u00e7as a den\u00fancias an\u00f4nimas que chegaram at\u00e9 a pol\u00edcia. O nome do condutor n\u00e3o foi divulgado oficialmente.<\/p>\n\n\n\n<figure class=\"wp-block-image size-full\"><img loading=\"lazy\" decoding=\"async\" width=\"598\" height=\"204\" src=\"https:\/\/radiostudiow.com.br\/site\/wp-content\/uploads\/2025\/04\/BOROX.png\" alt=\"\" class=\"wp-image-37229\" srcset=\"https:\/\/radiostudiow.com.br\/site\/wp-content\/uploads\/2025\/04\/BOROX.png 598w, https:\/\/radiostudiow.com.br\/site\/wp-content\/uploads\/2025\/04\/BOROX-300x102.png 300w\" sizes=\"auto, (max-width: 598px) 100vw, 598px\" \/><\/figure>\n\n\n\n<p>O acidente aconteceu na noite de s\u00e1bado, quando Mois\u00e9s, que trafegava de bicicleta pela BR-476, foi atingido por um carro que fugiu do local sem prestar socorro.\u00a0Equipes de resgate foram acionadas, mas ao chegarem, encontraram a v\u00edtima j\u00e1 em \u00f3bito. O motorista n\u00e3o estava presente na cena do acidente.<\/p>\n\n\n\n<p>O retrovisor do lado do motorista foi encontrado no local do atropelamento. O ve\u00edculo, localizado posteriormente, estava sem o item, o que refor\u00e7a sua liga\u00e7\u00e3o com o acidente.<\/p>\n\n\n\n<p>A Pol\u00edcia Civil segue investigando o caso para apurar as circunst\u00e2ncias do atropelamento e deve aguardar o laudo pericial do ve\u00edculo, al\u00e9m de outros elementos que possam indicar responsabilidades no ocorrido.<\/p>\n\n\n\n<figure class=\"wp-block-image size-full\"><img loading=\"lazy\" decoding=\"async\" width=\"690\" height=\"457\" src=\"https:\/\/radiostudiow.com.br\/site\/wp-content\/uploads\/2025\/05\/WhatsApp-Image-2025-05-13-at-11.47.44-1.jpeg\" alt=\"\" class=\"wp-image-38070\" srcset=\"https:\/\/radiostudiow.com.br\/site\/wp-content\/uploads\/2025\/05\/WhatsApp-Image-2025-05-13-at-11.47.44-1.jpeg 690w, https:\/\/radiostudiow.com.br\/site\/wp-content\/uploads\/2025\/05\/WhatsApp-Image-2025-05-13-at-11.47.44-1-300x199.jpeg 300w\" sizes=\"auto, (max-width: 690px) 100vw, 690px\" \/><\/figure>\n\n\n\n<figure class=\"wp-block-embed is-type-wp-embed is-provider-studio-w wp-block-embed-studio-w\"><div class=\"wp-block-embed__wrapper\">\n<blockquote class=\"wp-embedded-content\" data-secret=\"cBYjVwlYiC\"><a href=\"https:\/\/radiostudiow.com.br\/site\/2025\/05\/12\/ciclista-morre-atropelado-na-br-476-em-uniao-da-vitoria\/\">Ciclista morre atropelado na BR-476 em Uni\u00e3o da Vit\u00f3ria<\/a><\/blockquote><iframe loading=\"lazy\" class=\"wp-embedded-content\" sandbox=\"allow-scripts\" security=\"restricted\" style=\"position: absolute; visibility: hidden;\" title=\"&#8220;Ciclista morre atropelado na BR-476 em Uni\u00e3o da Vit\u00f3ria&#8221; &#8212; Studio W\" src=\"https:\/\/radiostudiow.com.br\/site\/2025\/05\/12\/ciclista-morre-atropelado-na-br-476-em-uniao-da-vitoria\/embed\/#?secret=EB6v8EFTX0#?secret=cBYjVwlYiC\" data-secret=\"cBYjVwlYiC\" width=\"600\" height=\"338\" frameborder=\"0\" marginwidth=\"0\" marginheight=\"0\" scrolling=\"no\"><\/iframe>\n<\/div><\/figure>\n","protected":false},"excerpt":{"rendered":"<p>A equipe da Pol\u00edcia Civil de Uni\u00e3o da Vit\u00f3ria localizou o motorista suspeito de ter atropelado e matado o ciclista\u00a0Mois\u00e9s Ferreira, de 43 anos,\u00a0na noite do \u00faltimo s\u00e1bado, 10 de maio, na rodovia BR-476, nas proximidades do bairro Mallon. Ap\u00f3s prestar depoimento, o condutor foi liberado nesta segunda-feira (12). Segundo informa\u00e7\u00f5es obtidas pela reportagem, o [&hellip;]<\/p>\n","protected":false},"author":2,"featured_media":38071,"comment_status":"open","ping_status":"open","sticky":false,"template":"","format":"standard","meta":{"footnotes":""},"categories":[2],"tags":[172],"class_list":["post-38068","post","type-post","status-publish","format-standard","has-post-thumbnail","hentry","category-policial","tag-featured"],"amp_enabled":true,"_links":{"self":[{"href":"https:\/\/radiostudiow.com.br\/site\/wp-json\/wp\/v2\/posts\/38068","targetHints":{"allow":["GET"]}}],"collection":[{"href":"https:\/\/radiostudiow.com.br\/site\/wp-json\/wp\/v2\/posts"}],"about":[{"href":"https:\/\/radiostudiow.com.br\/site\/wp-json\/wp\/v2\/types\/post"}],"author":[{"embeddable":true,"href":"https:\/\/radiostudiow.com.br\/site\/wp-json\/wp\/v2\/users\/2"}],"replies":[{"embeddable":true,"href":"https:\/\/radiostudiow.com.br\/site\/wp-json\/wp\/v2\/comments?post=38068"}],"version-history":[{"count":2,"href":"https:\/\/radiostudiow.com.br\/site\/wp-json\/wp\/v2\/posts\/38068\/revisions"}],"predecessor-version":[{"id":38072,"href":"https:\/\/radiostudiow.com.br\/site\/wp-json\/wp\/v2\/posts\/38068\/revisions\/38072"}],"wp:featuredmedia":[{"embeddable":true,"href":"https:\/\/radiostudiow.com.br\/site\/wp-json\/wp\/v2\/media\/38071"}],"wp:attachment":[{"href":"https:\/\/radiostudiow.com.br\/site\/wp-json\/wp\/v2\/media?parent=38068"}],"wp:term":[{"taxonomy":"category","embeddable":true,"href":"https:\/\/radiostudiow.com.br\/site\/wp-json\/wp\/v2\/categories?post=38068"},{"taxonomy":"post_tag","embeddable":true,"href":"https:\/\/radiostudiow.com.br\/site\/wp-json\/wp\/v2\/tags?post=38068"}],"curies":[{"name":"wp","href":"https:\/\/api.w.org\/{rel}","templated":true}]}}