{"id":38073,"date":"2025-05-13T12:09:12","date_gmt":"2025-05-13T15:09:12","guid":{"rendered":"https:\/\/radiostudiow.com.br\/site\/?p=38073"},"modified":"2025-05-13T12:09:12","modified_gmt":"2025-05-13T15:09:12","slug":"policia-militar-prende-dois-homens-com-mandado-de-prisao-em-aberto-em-bituruna","status":"publish","type":"post","link":"https:\/\/radiostudiow.com.br\/site\/2025\/05\/13\/policia-militar-prende-dois-homens-com-mandado-de-prisao-em-aberto-em-bituruna\/","title":{"rendered":"Pol\u00edcia Militar prende dois homens com mandado de pris\u00e3o em aberto em Bituruna"},"content":{"rendered":"\n<figure class=\"wp-block-image size-full\"><img loading=\"lazy\" decoding=\"async\" width=\"300\" height=\"180\" src=\"https:\/\/radiostudiow.com.br\/site\/wp-content\/uploads\/2025\/04\/LOU.png\" alt=\"\" class=\"wp-image-37228\"\/><\/figure>\n\n\n\n<p>A equipe da Pol\u00edcia Militar de Bituruna prendeu\u00a0dois homens com mandados de pris\u00e3o em aberto\u00a0durante a\u00e7\u00f5es distintas de patrulhamento no bairro S\u00e3o Vicente por volta das 09 horas desta segunda-feira (12).<\/p>\n\n\n\n<p>Durante patrulhamento de rotina, uma equipe policial abordou um indiv\u00edduo e, ap\u00f3s consulta aos sistemas, foi constatada a exist\u00eancia de um\u00a0mandado de pris\u00e3o por inadimplemento de pens\u00e3o aliment\u00edcia.<\/p>\n\n\n\n<p>Diante da constata\u00e7\u00e3o, foi dada\u00a0voz de pris\u00e3o, e o homem foi conduzido \u00e0\u00a0carceragem do DEPEN de Uni\u00e3o da Vit\u00f3ria, onde permaneceu \u00e0 disposi\u00e7\u00e3o da Justi\u00e7a.<\/p>\n\n\n\n<figure class=\"wp-block-image size-full\"><img loading=\"lazy\" decoding=\"async\" width=\"897\" height=\"204\" src=\"https:\/\/radiostudiow.com.br\/site\/wp-content\/uploads\/2025\/01\/SITE-GRANDE3.png\" alt=\"\" class=\"wp-image-32900\" srcset=\"https:\/\/radiostudiow.com.br\/site\/wp-content\/uploads\/2025\/01\/SITE-GRANDE3.png 897w, https:\/\/radiostudiow.com.br\/site\/wp-content\/uploads\/2025\/01\/SITE-GRANDE3-300x68.png 300w, https:\/\/radiostudiow.com.br\/site\/wp-content\/uploads\/2025\/01\/SITE-GRANDE3-768x175.png 768w\" sizes=\"auto, (max-width: 897px) 100vw, 897px\" \/><\/figure>\n\n\n\n<p>Ainda na mesma data, em outra abordagem, os policiais identificaram um segundo indiv\u00edduo tamb\u00e9m com\u00a0mandado de pris\u00e3o em aberto, desta vez pelos crimes de\u00a0dano\u00a0e\u00a0importuna\u00e7\u00e3o sexual. O homem foi detido e igualmente conduzido ao DEPEN para os procedimentos legais.<\/p>\n\n\n\n<p>As a\u00e7\u00f5es refor\u00e7am o trabalho preventivo e de fiscaliza\u00e7\u00e3o da Pol\u00edcia Militar na regi\u00e3o, com foco na\u00a0captura de foragidos da Justi\u00e7a\u00a0e manuten\u00e7\u00e3o da seguran\u00e7a p\u00fablica.<\/p>\n","protected":false},"excerpt":{"rendered":"<p>A equipe da Pol\u00edcia Militar de Bituruna prendeu\u00a0dois homens com mandados de pris\u00e3o em aberto\u00a0durante a\u00e7\u00f5es distintas de patrulhamento no bairro S\u00e3o Vicente por volta das 09 horas desta segunda-feira (12). Durante patrulhamento de rotina, uma equipe policial abordou um indiv\u00edduo e, ap\u00f3s consulta aos sistemas, foi constatada a exist\u00eancia de um\u00a0mandado de pris\u00e3o por [&hellip;]<\/p>\n","protected":false},"author":2,"featured_media":33899,"comment_status":"open","ping_status":"open","sticky":false,"template":"","format":"standard","meta":{"footnotes":""},"categories":[2],"tags":[172],"class_list":["post-38073","post","type-post","status-publish","format-standard","has-post-thumbnail","hentry","category-policial","tag-featured"],"amp_enabled":true,"_links":{"self":[{"href":"https:\/\/radiostudiow.com.br\/site\/wp-json\/wp\/v2\/posts\/38073","targetHints":{"allow":["GET"]}}],"collection":[{"href":"https:\/\/radiostudiow.com.br\/site\/wp-json\/wp\/v2\/posts"}],"about":[{"href":"https:\/\/radiostudiow.com.br\/site\/wp-json\/wp\/v2\/types\/post"}],"author":[{"embeddable":true,"href":"https:\/\/radiostudiow.com.br\/site\/wp-json\/wp\/v2\/users\/2"}],"replies":[{"embeddable":true,"href":"https:\/\/radiostudiow.com.br\/site\/wp-json\/wp\/v2\/comments?post=38073"}],"version-history":[{"count":1,"href":"https:\/\/radiostudiow.com.br\/site\/wp-json\/wp\/v2\/posts\/38073\/revisions"}],"predecessor-version":[{"id":38074,"href":"https:\/\/radiostudiow.com.br\/site\/wp-json\/wp\/v2\/posts\/38073\/revisions\/38074"}],"wp:featuredmedia":[{"embeddable":true,"href":"https:\/\/radiostudiow.com.br\/site\/wp-json\/wp\/v2\/media\/33899"}],"wp:attachment":[{"href":"https:\/\/radiostudiow.com.br\/site\/wp-json\/wp\/v2\/media?parent=38073"}],"wp:term":[{"taxonomy":"category","embeddable":true,"href":"https:\/\/radiostudiow.com.br\/site\/wp-json\/wp\/v2\/categories?post=38073"},{"taxonomy":"post_tag","embeddable":true,"href":"https:\/\/radiostudiow.com.br\/site\/wp-json\/wp\/v2\/tags?post=38073"}],"curies":[{"name":"wp","href":"https:\/\/api.w.org\/{rel}","templated":true}]}}