{"id":38075,"date":"2025-05-13T12:13:49","date_gmt":"2025-05-13T15:13:49","guid":{"rendered":"https:\/\/radiostudiow.com.br\/site\/?p=38075"},"modified":"2025-05-13T12:13:50","modified_gmt":"2025-05-13T15:13:50","slug":"irmaos-perdem-a-vida-em-acidente-entre-carro-e-moto-na-br-280-em-porto-uniao","status":"publish","type":"post","link":"https:\/\/radiostudiow.com.br\/site\/2025\/05\/13\/irmaos-perdem-a-vida-em-acidente-entre-carro-e-moto-na-br-280-em-porto-uniao\/","title":{"rendered":"Irm\u00e3os perdem a vida em acidente entre carro e moto na BR-280 em Porto Uni\u00e3o"},"content":{"rendered":"\n<figure class=\"wp-block-image size-full\"><img loading=\"lazy\" decoding=\"async\" width=\"300\" height=\"180\" src=\"https:\/\/radiostudiow.com.br\/site\/wp-content\/uploads\/2025\/01\/SITE-PEQUENO.png\" alt=\"\" class=\"wp-image-32833\"\/><\/figure>\n\n\n\n<p>O Corpo de Bombeiros de Porto Uni\u00e3o divulgou mais detalhes do acidente que terminou com a morte de dois irm\u00e3os na noite desta segunda-feira, 12 de maio, na regi\u00e3o da Lan\u00e7a na BR-280. <\/p>\n\n\n\n<p>Identificados como\u00a0<strong>Luiz Marinho<\/strong>\u00a0e\u00a0<strong>Silvio Marinho<\/strong>. A colis\u00e3o envolveu um ve\u00edculo\u00a0<strong>Fiat\/Brava<\/strong>\u00a0e uma\u00a0<strong>motocicleta Suzuki preta<\/strong>, que era ocupada pelos dois irm\u00e3os. Eles moravam na Lan\u00e7a.<\/p>\n\n\n\n<p>As guarni\u00e7\u00f5es foram acionadas por volta das 18h37. Ao chegarem ao local, confirmaram a gravidade do acidente: uma colis\u00e3o traseira entre o carro e a motocicleta que resultou na morte imediata dos ocupantes da moto.<\/p>\n\n\n\n<p>Segundo os bombeiros, os\u00a0capacetes das v\u00edtimas estavam a v\u00e1rios metros de dist\u00e2ncia, sugerindo que se desprenderam no momento do impacto. Os corpos foram encontrados em locais distintos \u2014 um a cerca de 50 metros dos ve\u00edculos e o outro preso sob o autom\u00f3vel.<\/p>\n\n\n\n<figure class=\"wp-block-image size-full\"><img loading=\"lazy\" decoding=\"async\" width=\"598\" height=\"204\" src=\"https:\/\/radiostudiow.com.br\/site\/wp-content\/uploads\/2025\/01\/SITE-MEDIO7.png\" alt=\"\" class=\"wp-image-32801\" srcset=\"https:\/\/radiostudiow.com.br\/site\/wp-content\/uploads\/2025\/01\/SITE-MEDIO7.png 598w, https:\/\/radiostudiow.com.br\/site\/wp-content\/uploads\/2025\/01\/SITE-MEDIO7-300x102.png 300w\" sizes=\"auto, (max-width: 598px) 100vw, 598px\" \/><\/figure>\n\n\n\n<p>O motorista do Fiat\/Brava, um homem de 26 anos, sofreu apenas ferimentos leves e permaneceu no local para prestar esclarecimentos. Ele relatou que a motocicleta estaria\u00a0sem luz traseira, o que pode ter contribu\u00eddo para o acidente.<\/p>\n\n\n\n<p>As equipes realizaram o gerenciamento dos riscos, isolamento da \u00e1rea, estabiliza\u00e7\u00e3o do ve\u00edculo e retirada do corpo preso. O atendimento contou com o apoio da Pol\u00edcia Militar de Porto Uni\u00e3o e aguardou a chegada da Pol\u00edcia Rodovi\u00e1ria Federal (PRF) e da Pol\u00edcia Cient\u00edfica, que realizaram os procedimentos legais e periciais.<\/p>\n\n\n\n<figure class=\"wp-block-image size-full\"><img loading=\"lazy\" decoding=\"async\" width=\"720\" height=\"405\" src=\"https:\/\/radiostudiow.com.br\/site\/wp-content\/uploads\/2025\/05\/image-41.png\" alt=\"\" class=\"wp-image-38078\" srcset=\"https:\/\/radiostudiow.com.br\/site\/wp-content\/uploads\/2025\/05\/image-41.png 720w, https:\/\/radiostudiow.com.br\/site\/wp-content\/uploads\/2025\/05\/image-41-300x169.png 300w\" sizes=\"auto, (max-width: 720px) 100vw, 720px\" \/><\/figure>\n\n\n\n<figure class=\"wp-block-image size-full\"><img loading=\"lazy\" decoding=\"async\" width=\"720\" height=\"405\" src=\"https:\/\/radiostudiow.com.br\/site\/wp-content\/uploads\/2025\/05\/image-40.png\" alt=\"\" class=\"wp-image-38077\" srcset=\"https:\/\/radiostudiow.com.br\/site\/wp-content\/uploads\/2025\/05\/image-40.png 720w, https:\/\/radiostudiow.com.br\/site\/wp-content\/uploads\/2025\/05\/image-40-300x169.png 300w\" sizes=\"auto, (max-width: 720px) 100vw, 720px\" \/><\/figure>\n","protected":false},"excerpt":{"rendered":"<p>O Corpo de Bombeiros de Porto Uni\u00e3o divulgou mais detalhes do acidente que terminou com a morte de dois irm\u00e3os na noite desta segunda-feira, 12 de maio, na regi\u00e3o da Lan\u00e7a na BR-280. Identificados como\u00a0Luiz Marinho\u00a0e\u00a0Silvio Marinho. A colis\u00e3o envolveu um ve\u00edculo\u00a0Fiat\/Brava\u00a0e uma\u00a0motocicleta Suzuki preta, que era ocupada pelos dois irm\u00e3os. Eles moravam na Lan\u00e7a. [&hellip;]<\/p>\n","protected":false},"author":2,"featured_media":38076,"comment_status":"open","ping_status":"open","sticky":false,"template":"","format":"standard","meta":{"footnotes":""},"categories":[185],"tags":[172],"class_list":["post-38075","post","type-post","status-publish","format-standard","has-post-thumbnail","hentry","category-regional","tag-featured"],"amp_enabled":true,"_links":{"self":[{"href":"https:\/\/radiostudiow.com.br\/site\/wp-json\/wp\/v2\/posts\/38075","targetHints":{"allow":["GET"]}}],"collection":[{"href":"https:\/\/radiostudiow.com.br\/site\/wp-json\/wp\/v2\/posts"}],"about":[{"href":"https:\/\/radiostudiow.com.br\/site\/wp-json\/wp\/v2\/types\/post"}],"author":[{"embeddable":true,"href":"https:\/\/radiostudiow.com.br\/site\/wp-json\/wp\/v2\/users\/2"}],"replies":[{"embeddable":true,"href":"https:\/\/radiostudiow.com.br\/site\/wp-json\/wp\/v2\/comments?post=38075"}],"version-history":[{"count":1,"href":"https:\/\/radiostudiow.com.br\/site\/wp-json\/wp\/v2\/posts\/38075\/revisions"}],"predecessor-version":[{"id":38079,"href":"https:\/\/radiostudiow.com.br\/site\/wp-json\/wp\/v2\/posts\/38075\/revisions\/38079"}],"wp:featuredmedia":[{"embeddable":true,"href":"https:\/\/radiostudiow.com.br\/site\/wp-json\/wp\/v2\/media\/38076"}],"wp:attachment":[{"href":"https:\/\/radiostudiow.com.br\/site\/wp-json\/wp\/v2\/media?parent=38075"}],"wp:term":[{"taxonomy":"category","embeddable":true,"href":"https:\/\/radiostudiow.com.br\/site\/wp-json\/wp\/v2\/categories?post=38075"},{"taxonomy":"post_tag","embeddable":true,"href":"https:\/\/radiostudiow.com.br\/site\/wp-json\/wp\/v2\/tags?post=38075"}],"curies":[{"name":"wp","href":"https:\/\/api.w.org\/{rel}","templated":true}]}}