{"id":38081,"date":"2025-05-13T17:23:20","date_gmt":"2025-05-13T20:23:20","guid":{"rendered":"https:\/\/radiostudiow.com.br\/site\/?p=38081"},"modified":"2025-05-13T17:23:20","modified_gmt":"2025-05-13T20:23:20","slug":"grave-acidente-deixa-quatro-feridos-na-br-277-em-guarapuava","status":"publish","type":"post","link":"https:\/\/radiostudiow.com.br\/site\/2025\/05\/13\/grave-acidente-deixa-quatro-feridos-na-br-277-em-guarapuava\/","title":{"rendered":"Grave acidente deixa quatro feridos na BR 277 em Guarapuava"},"content":{"rendered":"\n<figure class=\"wp-block-image size-full\"><img decoding=\"async\" src=\"https:\/\/radiostudiow.com.br\/site\/wp-content\/uploads\/2025\/05\/EXTREME.png\" alt=\"\" class=\"wp-image-37818\"\/><\/figure>\n\n\n\n<p>Um acidente do tipo colis\u00e3o frontal seguido de colis\u00e3o lateral envolvendo cinco ve\u00edculos e resultando em quatro pessoas feridas no Km 314\u00a0 da BR-277, munic\u00edpio de Guarapuava, pr\u00f3ximo a divida com o munic\u00edpio de Prudent\u00f3polis por volta das 14 horas dessa segunda-feira (12).<\/p>\n\n\n\n<p>Os ve\u00edculos envolvidos foram: Um Honda Fit de cor prata e emplacamento de Chapec\u00f3 (SC), um caminh\u00e3o M. Bens de cor branca e emplacamento Guarapari (ES), um caminh\u00e3o Volvo de cor branca e emplacamento de Cascavel (PR), um caminh\u00e3o VW de cor branca e emplacamento de Pinh\u00e3o (PR) e um \u00f4nibus da empresa Nordeste com 23 passageiros.&nbsp;<\/p>\n\n\n\n<figure class=\"wp-block-image size-full\"><img loading=\"lazy\" decoding=\"async\" width=\"598\" height=\"204\" src=\"https:\/\/radiostudiow.com.br\/site\/wp-content\/uploads\/2025\/04\/BOROX.png\" alt=\"\" class=\"wp-image-37229\" srcset=\"https:\/\/radiostudiow.com.br\/site\/wp-content\/uploads\/2025\/04\/BOROX.png 598w, https:\/\/radiostudiow.com.br\/site\/wp-content\/uploads\/2025\/04\/BOROX-300x102.png 300w\" sizes=\"auto, (max-width: 598px) 100vw, 598px\" \/><\/figure>\n\n\n\n<p>Condutor do autom\u00f3vel e condutor de um dos caminh\u00f5es socorridos com ferimentos graves para hospital de Guarapuava. Motorista do \u00f4nibus e uma passageira atendidos no local com ferimentos leves. Houve interdi\u00e7\u00e3o total de rodovia e posteriormente parcial liberado em PARE e SIGA. Pista totalmente liberada \u00e0s 17 horas.\u00a0<\/p>\n\n\n\n<p><em>Com informa\u00e7\u00f5es da PRF.<\/em><a href=\"https:\/\/api.whatsapp.com\/send?text=Grave%20acidente%20deixa%20quatro%20feridos%20na%20BR%20277%20em%20Guarapuava%20-%20https:\/\/alvoradanoar.com.br\/noticia\/706486\" target=\"_blank\" rel=\"noreferrer noopener\"><\/a><\/p>\n\n\n\n<p><\/p>\n","protected":false},"excerpt":{"rendered":"<p>Um acidente do tipo colis\u00e3o frontal seguido de colis\u00e3o lateral envolvendo cinco ve\u00edculos e resultando em quatro pessoas feridas no Km 314\u00a0 da BR-277, munic\u00edpio de Guarapuava, pr\u00f3ximo a divida com o munic\u00edpio de Prudent\u00f3polis por volta das 14 horas dessa segunda-feira (12). Os ve\u00edculos envolvidos foram: Um Honda Fit de cor prata e emplacamento [&hellip;]<\/p>\n","protected":false},"author":2,"featured_media":38083,"comment_status":"open","ping_status":"open","sticky":false,"template":"","format":"standard","meta":{"footnotes":""},"categories":[185],"tags":[172],"class_list":["post-38081","post","type-post","status-publish","format-standard","has-post-thumbnail","hentry","category-regional","tag-featured"],"amp_enabled":true,"_links":{"self":[{"href":"https:\/\/radiostudiow.com.br\/site\/wp-json\/wp\/v2\/posts\/38081","targetHints":{"allow":["GET"]}}],"collection":[{"href":"https:\/\/radiostudiow.com.br\/site\/wp-json\/wp\/v2\/posts"}],"about":[{"href":"https:\/\/radiostudiow.com.br\/site\/wp-json\/wp\/v2\/types\/post"}],"author":[{"embeddable":true,"href":"https:\/\/radiostudiow.com.br\/site\/wp-json\/wp\/v2\/users\/2"}],"replies":[{"embeddable":true,"href":"https:\/\/radiostudiow.com.br\/site\/wp-json\/wp\/v2\/comments?post=38081"}],"version-history":[{"count":1,"href":"https:\/\/radiostudiow.com.br\/site\/wp-json\/wp\/v2\/posts\/38081\/revisions"}],"predecessor-version":[{"id":38084,"href":"https:\/\/radiostudiow.com.br\/site\/wp-json\/wp\/v2\/posts\/38081\/revisions\/38084"}],"wp:featuredmedia":[{"embeddable":true,"href":"https:\/\/radiostudiow.com.br\/site\/wp-json\/wp\/v2\/media\/38083"}],"wp:attachment":[{"href":"https:\/\/radiostudiow.com.br\/site\/wp-json\/wp\/v2\/media?parent=38081"}],"wp:term":[{"taxonomy":"category","embeddable":true,"href":"https:\/\/radiostudiow.com.br\/site\/wp-json\/wp\/v2\/categories?post=38081"},{"taxonomy":"post_tag","embeddable":true,"href":"https:\/\/radiostudiow.com.br\/site\/wp-json\/wp\/v2\/tags?post=38081"}],"curies":[{"name":"wp","href":"https:\/\/api.w.org\/{rel}","templated":true}]}}