{"id":38088,"date":"2025-05-13T17:48:49","date_gmt":"2025-05-13T20:48:49","guid":{"rendered":"https:\/\/radiostudiow.com.br\/site\/?p=38088"},"modified":"2025-05-13T17:48:50","modified_gmt":"2025-05-13T20:48:50","slug":"motociclista-fica-desorientado-apos-colidir-contra-guard-rail-na-br-476","status":"publish","type":"post","link":"https:\/\/radiostudiow.com.br\/site\/2025\/05\/13\/motociclista-fica-desorientado-apos-colidir-contra-guard-rail-na-br-476\/","title":{"rendered":"Motociclista fica desorientado ap\u00f3s colidir contra guard rail na BR-476"},"content":{"rendered":"\n<figure class=\"wp-block-image size-full\"><img loading=\"lazy\" decoding=\"async\" width=\"897\" height=\"204\" src=\"https:\/\/radiostudiow.com.br\/site\/wp-content\/uploads\/2025\/05\/NUTRI-MALLET.png\" alt=\"\" class=\"wp-image-37813\" srcset=\"https:\/\/radiostudiow.com.br\/site\/wp-content\/uploads\/2025\/05\/NUTRI-MALLET.png 897w, https:\/\/radiostudiow.com.br\/site\/wp-content\/uploads\/2025\/05\/NUTRI-MALLET-300x68.png 300w, https:\/\/radiostudiow.com.br\/site\/wp-content\/uploads\/2025\/05\/NUTRI-MALLET-768x175.png 768w\" sizes=\"auto, (max-width: 897px) 100vw, 897px\" \/><\/figure>\n\n\n\n<p>Um acidente registrado no in\u00edcio da tarde desta ter\u00e7a-feira (13), mobilizou equipes de resgate na BR-476, km 273. Um motociclista de 43 anos perdeu o controle da moto e colidiu contra o guard rail da rodovia.<\/p>\n\n\n\n<p>Segundo informa\u00e7\u00f5es do Corpo de Bombeiros de S\u00e3o Mateus do Sul, o homem foi encontrado desorientado no local do acidente. Ele recebeu os primeiros atendimentos ainda na rodovia e, em seguida, foi encaminhado ao Pronto Atendimento Municipal para avalia\u00e7\u00e3o m\u00e9dica.<\/p>\n\n\n\n<p>Por conta da desorienta\u00e7\u00e3o, os ferimentos foram considerados graves.<\/p>\n\n\n\n<p><\/p>\n","protected":false},"excerpt":{"rendered":"<p>Um acidente registrado no in\u00edcio da tarde desta ter\u00e7a-feira (13), mobilizou equipes de resgate na BR-476, km 273. Um motociclista de 43 anos perdeu o controle da moto e colidiu contra o guard rail da rodovia. Segundo informa\u00e7\u00f5es do Corpo de Bombeiros de S\u00e3o Mateus do Sul, o homem foi encontrado desorientado no local do [&hellip;]<\/p>\n","protected":false},"author":2,"featured_media":15529,"comment_status":"open","ping_status":"open","sticky":false,"template":"","format":"standard","meta":{"footnotes":""},"categories":[185],"tags":[172],"class_list":["post-38088","post","type-post","status-publish","format-standard","has-post-thumbnail","hentry","category-regional","tag-featured"],"amp_enabled":true,"_links":{"self":[{"href":"https:\/\/radiostudiow.com.br\/site\/wp-json\/wp\/v2\/posts\/38088","targetHints":{"allow":["GET"]}}],"collection":[{"href":"https:\/\/radiostudiow.com.br\/site\/wp-json\/wp\/v2\/posts"}],"about":[{"href":"https:\/\/radiostudiow.com.br\/site\/wp-json\/wp\/v2\/types\/post"}],"author":[{"embeddable":true,"href":"https:\/\/radiostudiow.com.br\/site\/wp-json\/wp\/v2\/users\/2"}],"replies":[{"embeddable":true,"href":"https:\/\/radiostudiow.com.br\/site\/wp-json\/wp\/v2\/comments?post=38088"}],"version-history":[{"count":1,"href":"https:\/\/radiostudiow.com.br\/site\/wp-json\/wp\/v2\/posts\/38088\/revisions"}],"predecessor-version":[{"id":38089,"href":"https:\/\/radiostudiow.com.br\/site\/wp-json\/wp\/v2\/posts\/38088\/revisions\/38089"}],"wp:featuredmedia":[{"embeddable":true,"href":"https:\/\/radiostudiow.com.br\/site\/wp-json\/wp\/v2\/media\/15529"}],"wp:attachment":[{"href":"https:\/\/radiostudiow.com.br\/site\/wp-json\/wp\/v2\/media?parent=38088"}],"wp:term":[{"taxonomy":"category","embeddable":true,"href":"https:\/\/radiostudiow.com.br\/site\/wp-json\/wp\/v2\/categories?post=38088"},{"taxonomy":"post_tag","embeddable":true,"href":"https:\/\/radiostudiow.com.br\/site\/wp-json\/wp\/v2\/tags?post=38088"}],"curies":[{"name":"wp","href":"https:\/\/api.w.org\/{rel}","templated":true}]}}