{"id":38093,"date":"2025-05-13T18:14:12","date_gmt":"2025-05-13T21:14:12","guid":{"rendered":"https:\/\/radiostudiow.com.br\/site\/?p=38093"},"modified":"2025-05-13T18:14:12","modified_gmt":"2025-05-13T21:14:12","slug":"secretaria-da-saude-confirma-mais-4-165-casos-de-dengue-e-nove-obitos-no-parana","status":"publish","type":"post","link":"https:\/\/radiostudiow.com.br\/site\/2025\/05\/13\/secretaria-da-saude-confirma-mais-4-165-casos-de-dengue-e-nove-obitos-no-parana\/","title":{"rendered":"Secretaria da Sa\u00fade confirma mais 4.165 casos de dengue e nove \u00f3bitos no Paran\u00e1"},"content":{"rendered":"\n<p>A Secretaria da Sa\u00fade do Paran\u00e1 (Sesa) divulgou nesta ter\u00e7a-feira (13) o novo informe semanal da dengue. Foram registrados mais 4.165 novos casos da doen\u00e7a e nove \u00f3bitos. Os dados do novo ano epidemiol\u00f3gico 2025 totalizam agora 185.823 notifica\u00e7\u00f5es, 57.581 diagn\u00f3sticos confirmados e 52 \u00f3bitos em decorr\u00eancia da dengue no Estado.<\/p>\n\n\n\n<p>Ao todo, 396 munic\u00edpios j\u00e1 apresentaram notifica\u00e7\u00f5es da doen\u00e7a, que \u00e9 transmitida pelo mosquito Aedes aegypti, e 360 possuem casos confirmados. Os novos \u00f3bitos ocorreram entre mar\u00e7o e abril, sendo cinco mulheres e quatro homens, com idades entre dois meses e 91 anos. Destes, quatro possu\u00edam comorbidades.<\/p>\n\n\n\n<div class=\"wp-block-media-text is-stacked-on-mobile\"><figure class=\"wp-block-media-text__media\"><img loading=\"lazy\" decoding=\"async\" width=\"1024\" height=\"1024\" src=\"https:\/\/radiostudiow.com.br\/site\/wp-content\/uploads\/2025\/04\/487811741_1161041312699430_8877786304738601525_n-1024x1024.jpg\" alt=\"\" class=\"wp-image-37482 size-full\" srcset=\"https:\/\/radiostudiow.com.br\/site\/wp-content\/uploads\/2025\/04\/487811741_1161041312699430_8877786304738601525_n-1024x1024.jpg 1024w, https:\/\/radiostudiow.com.br\/site\/wp-content\/uploads\/2025\/04\/487811741_1161041312699430_8877786304738601525_n-300x300.jpg 300w, https:\/\/radiostudiow.com.br\/site\/wp-content\/uploads\/2025\/04\/487811741_1161041312699430_8877786304738601525_n-768x768.jpg 768w, https:\/\/radiostudiow.com.br\/site\/wp-content\/uploads\/2025\/04\/487811741_1161041312699430_8877786304738601525_n-1536x1536.jpg 1536w, https:\/\/radiostudiow.com.br\/site\/wp-content\/uploads\/2025\/04\/487811741_1161041312699430_8877786304738601525_n-80x80.jpg 80w, https:\/\/radiostudiow.com.br\/site\/wp-content\/uploads\/2025\/04\/487811741_1161041312699430_8877786304738601525_n.jpg 1600w\" sizes=\"auto, (max-width: 1024px) 100vw, 1024px\" \/><\/figure><div class=\"wp-block-media-text__content\">\n<p>Os pacientes residiam em Cianorte e Rondon, na 13\u00aa Regional de Sa\u00fade (RS) de Cianorte; Nova Esperan\u00e7a e Pai\u00e7andu, na 15\u00aa RS de Maring\u00e1; Nova F\u00e1tima, Nova Am\u00e9rica da Colina, Rancho Alegre e Corn\u00e9lio Proc\u00f3pio (2), na 18\u00aa RS de Corn\u00e9lio Proc\u00f3pio.&nbsp;<\/p>\n\n\n\n<p>As regionais com os maiores n\u00fameros de casos confirmados neste per\u00edodo epidemiol\u00f3gico s\u00e3o a de Londrina (13.733); Paranava\u00ed (10.575); Maring\u00e1 (7.431); Jacarezinho (4.040) e Umuarama (3.552).<\/p>\n<\/div><\/div>\n\n\n\n<p><strong>OUTRAS ARBOVIROSES&nbsp;\u2013&nbsp;<\/strong>A publica\u00e7\u00e3o inclui ainda dados sobre Chikungunya e Zika, doen\u00e7as tamb\u00e9m transmitidas pelo mosquito Aedes aegypti. Foram confirmados 2.871 casos de Chikungunya, num total de 6.627 notifica\u00e7\u00f5es da doen\u00e7a no Estado. Quanto ao v\u00edrus Zika, at\u00e9 o momento foram registradas 65 notifica\u00e7\u00f5es sem nenhum caso confirmado.<\/p>\n\n\n\n<p>Confira o Informe Semanal completo\u00a0<a href=\"https:\/\/www.documentador.pr.gov.br\/documentador\/pub.do?action=d&amp;uuid=@gtf-escriba-sesa@59c5d4c9-d3af-47a5-9918-316ab4b90fe6&amp;emPg=true\" target=\"_blank\" rel=\"noreferrer noopener\"><strong>AQUI<\/strong><\/a>. Mais informa\u00e7\u00f5es sobre os dados da dengue est\u00e3o\u00a0neste\u00a0<a href=\"https:\/\/www.dengue.pr.gov.br\/Pagina\/Boletins-da-Dengue\" target=\"_blank\" rel=\"noreferrer noopener\"><strong>LINK<\/strong><\/a>.<a href=\"https:\/\/www.saude.pr.gov.br\/sites\/default\/arquivos_restritos\/files\/imagem\/2025-04\/boletimdenguenovo2025.jpg\"><\/a><a href=\"https:\/\/www.saude.pr.gov.br\/sites\/default\/arquivos_restritos\/files\/imagem\/2025-04\/boletimdenguenovo2025.jpg\"><\/a><\/p>\n\n\n\n<p><\/p>\n\n\n\n<p><\/p>\n","protected":false},"excerpt":{"rendered":"<p>A Secretaria da Sa\u00fade do Paran\u00e1 (Sesa) divulgou nesta ter\u00e7a-feira (13) o novo informe semanal da dengue. Foram registrados mais 4.165 novos casos da doen\u00e7a e nove \u00f3bitos. Os dados do novo ano epidemiol\u00f3gico 2025 totalizam agora 185.823 notifica\u00e7\u00f5es, 57.581 diagn\u00f3sticos confirmados e 52 \u00f3bitos em decorr\u00eancia da dengue no Estado. Ao todo, 396 munic\u00edpios [&hellip;]<\/p>\n","protected":false},"author":2,"featured_media":33107,"comment_status":"open","ping_status":"open","sticky":false,"template":"","format":"standard","meta":{"footnotes":""},"categories":[182],"tags":[172],"class_list":["post-38093","post","type-post","status-publish","format-standard","has-post-thumbnail","hentry","category-saude","tag-featured"],"amp_enabled":true,"_links":{"self":[{"href":"https:\/\/radiostudiow.com.br\/site\/wp-json\/wp\/v2\/posts\/38093","targetHints":{"allow":["GET"]}}],"collection":[{"href":"https:\/\/radiostudiow.com.br\/site\/wp-json\/wp\/v2\/posts"}],"about":[{"href":"https:\/\/radiostudiow.com.br\/site\/wp-json\/wp\/v2\/types\/post"}],"author":[{"embeddable":true,"href":"https:\/\/radiostudiow.com.br\/site\/wp-json\/wp\/v2\/users\/2"}],"replies":[{"embeddable":true,"href":"https:\/\/radiostudiow.com.br\/site\/wp-json\/wp\/v2\/comments?post=38093"}],"version-history":[{"count":2,"href":"https:\/\/radiostudiow.com.br\/site\/wp-json\/wp\/v2\/posts\/38093\/revisions"}],"predecessor-version":[{"id":38095,"href":"https:\/\/radiostudiow.com.br\/site\/wp-json\/wp\/v2\/posts\/38093\/revisions\/38095"}],"wp:featuredmedia":[{"embeddable":true,"href":"https:\/\/radiostudiow.com.br\/site\/wp-json\/wp\/v2\/media\/33107"}],"wp:attachment":[{"href":"https:\/\/radiostudiow.com.br\/site\/wp-json\/wp\/v2\/media?parent=38093"}],"wp:term":[{"taxonomy":"category","embeddable":true,"href":"https:\/\/radiostudiow.com.br\/site\/wp-json\/wp\/v2\/categories?post=38093"},{"taxonomy":"post_tag","embeddable":true,"href":"https:\/\/radiostudiow.com.br\/site\/wp-json\/wp\/v2\/tags?post=38093"}],"curies":[{"name":"wp","href":"https:\/\/api.w.org\/{rel}","templated":true}]}}