{"id":38111,"date":"2025-05-14T11:14:43","date_gmt":"2025-05-14T14:14:43","guid":{"rendered":"https:\/\/radiostudiow.com.br\/site\/?p=38111"},"modified":"2025-05-14T11:14:43","modified_gmt":"2025-05-14T14:14:43","slug":"br-280-entre-mafra-e-porto-uniao-registram-seis-mortes-em-um-mes","status":"publish","type":"post","link":"https:\/\/radiostudiow.com.br\/site\/2025\/05\/14\/br-280-entre-mafra-e-porto-uniao-registram-seis-mortes-em-um-mes\/","title":{"rendered":"BR-280 entre Mafra e Porto Uni\u00e3o registram seis mortes em um m\u00eas"},"content":{"rendered":"\n<figure class=\"wp-block-image size-full\"><img loading=\"lazy\" decoding=\"async\" width=\"598\" height=\"204\" src=\"https:\/\/radiostudiow.com.br\/site\/wp-content\/uploads\/2025\/05\/POLAK.png\" alt=\"\" class=\"wp-image-37847\" srcset=\"https:\/\/radiostudiow.com.br\/site\/wp-content\/uploads\/2025\/05\/POLAK.png 598w, https:\/\/radiostudiow.com.br\/site\/wp-content\/uploads\/2025\/05\/POLAK-300x102.png 300w\" sizes=\"auto, (max-width: 598px) 100vw, 598px\" \/><\/figure>\n\n\n\n<p>Estat\u00edsticas divulgadas recentemente pela Pol\u00edcia Rodovi\u00e1ria Federal (PRF) apontam que a rodovia federal que teve o maior n\u00famero de acidentes com v\u00edtimas fatais em territ\u00f3rio catarinense nos\u00a0tr\u00eas primeiros meses de 2025 foi a BR-101.<\/p>\n\n\n\n<p>Logo na sequ\u00eancia, a BR-470 e a BR-282, respectivamente, aparecem com 22 e 15 mortes registradas at\u00e9 o momento em acidentes ocorridos em Santa Catarina.<a href=\"https:\/\/radiostudiow.com.br\/site\/sample-page\/\" data-type=\"page\" data-id=\"2\">Sample Page<\/a><\/p>\n\n\n\n<p>At\u00e9 o m\u00eas de mar\u00e7o, de acordo com os dados divulgados pela PRF,\u00a0a rodovia BR-280, que corta o Planalto Norte, registrou 220 acidentes com 11 mortes em Santa Catarina, ocupando o 4\u00ba lugar no ranking\u00a0de rodovias federais com maior n\u00famero de mortes em territ\u00f3rio catarinense.<\/p>\n\n\n\n<p>No m\u00eas de abril,\u00a0no trecho do Planalto Norte da BR-280, entre Mafra e Porto Uni\u00e3o, foram seis mortes em decorr\u00eancia de acidentes na rodovia.<\/p>\n\n\n\n<figure class=\"wp-block-image size-full\"><img decoding=\"async\" src=\"https:\/\/radiostudiow.com.br\/site\/wp-content\/uploads\/2025\/05\/EXTREME.png\" alt=\"\" class=\"wp-image-37818\"\/><\/figure>\n\n\n\n<p><strong><br>ACIDENTES EM RODOVIAS FEDERAIS EM SANTA CATARINA<\/strong><\/p>\n\n\n\n<ol class=\"wp-block-list\">\n<li><strong>BR-101<\/strong>: 25 mortes e 987 acidentes<\/li>\n\n\n\n<li><strong>BR-470<\/strong>: 22 mortes e 246 acidentes<\/li>\n\n\n\n<li><strong>BR-282<\/strong>: 15 mortes e 310 acidentes<\/li>\n\n\n\n<li><strong>BR-280: 11 mortes e 220 acidentes<\/strong><\/li>\n\n\n\n<li><strong>BR-116<\/strong>: 6 mortes e 75 acidentes<\/li>\n\n\n\n<li><strong>BR-480<\/strong>: 1 morte e 16 acidentes<\/li>\n\n\n\n<li><strong>BR-163<\/strong>: 0 mortes e 21 acidentes<\/li>\n\n\n\n<li><strong>BR-153<\/strong>: 0 mortes e 15 acidentes<\/li>\n\n\n\n<li><strong>BR-158<\/strong>: 0 mortes e 6 acidentes<\/li>\n\n\n\n<li><strong>BR-285<\/strong>: 0 mortes e 1 acidentes<\/li>\n<\/ol>\n\n\n\n<p><strong><br><\/strong><\/p>\n\n\n\n<figure class=\"wp-block-image size-full\"><img loading=\"lazy\" decoding=\"async\" width=\"598\" height=\"204\" src=\"https:\/\/radiostudiow.com.br\/site\/wp-content\/uploads\/2025\/01\/SITE-MEDIO7.png\" alt=\"\" class=\"wp-image-32801\" srcset=\"https:\/\/radiostudiow.com.br\/site\/wp-content\/uploads\/2025\/01\/SITE-MEDIO7.png 598w, https:\/\/radiostudiow.com.br\/site\/wp-content\/uploads\/2025\/01\/SITE-MEDIO7-300x102.png 300w\" sizes=\"auto, (max-width: 598px) 100vw, 598px\" \/><\/figure>\n\n\n\n<p><strong>HIST\u00d3RICO TR\u00c1GICO<\/strong><\/p>\n\n\n\n<p>Em 2024, a BR-280 tamb\u00e9m ocupou o 4\u00ba lugar no ranking de rodovias federais mais mortais em Santa Catarina em 2024, com 47 mortes registradas em\u00a0754\u00a0acidentes durante o per\u00edodo.<\/p>\n\n\n\n<p>Desta totalidade,\u00a032 mortes acontecerem na BR-280 no trecho compreendido entre Mafra e Porto Uni\u00e3o,\u00a0o maior n\u00famero j\u00e1 registrado. As estat\u00edsticas apontam, portanto, que 68% das mortes registradas em territ\u00f3rio catarinense da BR-280 ocorreram na regi\u00e3o do Planalto Norte.<\/p>\n\n\n\n<p>Especificamente neste trecho BR-280,\u00a0em 2024 houve um aumento de 68,4% no n\u00famero de mortes em rela\u00e7\u00e3o a 2023, quando foram registradas 19 mortes no mesmo trecho.<\/p>\n\n\n\n<p>Nesta segunda-feira, 12, dois irm\u00e3os morreram na BR-280. Eles estavam em um motocicleta que foi atingida na traseira por um ve\u00edculo. Luiz e Silvio Marinho morreram na hora.<\/p>\n\n\n\n<figure class=\"wp-block-embed is-type-wp-embed is-provider-studio-w wp-block-embed-studio-w\"><div class=\"wp-block-embed__wrapper\">\n<blockquote class=\"wp-embedded-content\" data-secret=\"PvdMMll6oj\"><a href=\"https:\/\/radiostudiow.com.br\/site\/2025\/05\/13\/irmaos-perdem-a-vida-em-acidente-entre-carro-e-moto-na-br-280-em-porto-uniao\/\">Irm\u00e3os perdem a vida em acidente entre carro e moto na BR-280 em Porto Uni\u00e3o<\/a><\/blockquote><iframe loading=\"lazy\" class=\"wp-embedded-content\" sandbox=\"allow-scripts\" security=\"restricted\" style=\"position: absolute; visibility: hidden;\" title=\"&#8220;Irm\u00e3os perdem a vida em acidente entre carro e moto na BR-280 em Porto Uni\u00e3o&#8221; &#8212; Studio W\" src=\"https:\/\/radiostudiow.com.br\/site\/2025\/05\/13\/irmaos-perdem-a-vida-em-acidente-entre-carro-e-moto-na-br-280-em-porto-uniao\/embed\/#?secret=DOTnSCdG2S#?secret=PvdMMll6oj\" data-secret=\"PvdMMll6oj\" width=\"600\" height=\"338\" frameborder=\"0\" marginwidth=\"0\" marginheight=\"0\" scrolling=\"no\"><\/iframe>\n<\/div><\/figure>\n\n\n\n<figure class=\"wp-block-image size-full\"><img loading=\"lazy\" decoding=\"async\" width=\"900\" height=\"408\" src=\"https:\/\/radiostudiow.com.br\/site\/wp-content\/uploads\/2025\/03\/SITE-E-TV-1.png\" alt=\"\" class=\"wp-image-35744\" srcset=\"https:\/\/radiostudiow.com.br\/site\/wp-content\/uploads\/2025\/03\/SITE-E-TV-1.png 900w, https:\/\/radiostudiow.com.br\/site\/wp-content\/uploads\/2025\/03\/SITE-E-TV-1-300x136.png 300w, https:\/\/radiostudiow.com.br\/site\/wp-content\/uploads\/2025\/03\/SITE-E-TV-1-768x348.png 768w\" sizes=\"auto, (max-width: 900px) 100vw, 900px\" \/><\/figure>\n\n\n\n<p><strong>CONSCIENTIZA\u00c7\u00c3O<\/strong><\/p>\n\n\n\n<p>Em entrevista recente, Alexandre Castilho, da equipe da comunica\u00e7\u00e3o social da PRF, alegou que um dos poss\u00edveis motivos pelo aumento no n\u00famero de acidentes com mortes na BR-280 pode ser a total libera\u00e7\u00e3o da rodovia em 2024.<\/p>\n\n\n\n<p><strong><em>\u201cMelhoraram as condi\u00e7\u00f5es de circula\u00e7\u00e3o para os motoristas e eles se sentiram mais \u00e0 vontade para andar acima da velocidade permitida, para ultrapassar em locais proibidos e para dirigir sem a aten\u00e7\u00e3o necess\u00e1ria\u201d<\/em><\/strong><em>,<\/em>\u00a0destacou.<\/p>\n\n\n\n<p>Segundo Castilho, o trabalho de fiscaliza\u00e7\u00e3o da PRF \u00e9 secund\u00e1rio e o mais importante \u00e9 a conscientiza\u00e7\u00e3o.<\/p>\n\n\n\n<p><strong><em>\u201cA quest\u00e3o prim\u00e1ria \u00e9 a colabora\u00e7\u00e3o dos motoristas quando assumem o volante, pois eles precisam entender que s\u00e3o os principais agentes de seguran\u00e7a no tr\u00e2nsito, s\u00e3o eles quem v\u00e3o tomar as decis\u00f5es para se exporem ao risco ou n\u00e3o\u201d<\/em><\/strong><em>,<\/em>\u00a0enfatizou.<\/p>\n","protected":false},"excerpt":{"rendered":"<p>Estat\u00edsticas divulgadas recentemente pela Pol\u00edcia Rodovi\u00e1ria Federal (PRF) apontam que a rodovia federal que teve o maior n\u00famero de acidentes com v\u00edtimas fatais em territ\u00f3rio catarinense nos\u00a0tr\u00eas primeiros meses de 2025 foi a BR-101. Logo na sequ\u00eancia, a BR-470 e a BR-282, respectivamente, aparecem com 22 e 15 mortes registradas at\u00e9 o momento em acidentes [&hellip;]<\/p>\n","protected":false},"author":2,"featured_media":10918,"comment_status":"open","ping_status":"open","sticky":false,"template":"","format":"standard","meta":{"footnotes":""},"categories":[185],"tags":[172],"class_list":["post-38111","post","type-post","status-publish","format-standard","has-post-thumbnail","hentry","category-regional","tag-featured"],"amp_enabled":true,"_links":{"self":[{"href":"https:\/\/radiostudiow.com.br\/site\/wp-json\/wp\/v2\/posts\/38111","targetHints":{"allow":["GET"]}}],"collection":[{"href":"https:\/\/radiostudiow.com.br\/site\/wp-json\/wp\/v2\/posts"}],"about":[{"href":"https:\/\/radiostudiow.com.br\/site\/wp-json\/wp\/v2\/types\/post"}],"author":[{"embeddable":true,"href":"https:\/\/radiostudiow.com.br\/site\/wp-json\/wp\/v2\/users\/2"}],"replies":[{"embeddable":true,"href":"https:\/\/radiostudiow.com.br\/site\/wp-json\/wp\/v2\/comments?post=38111"}],"version-history":[{"count":1,"href":"https:\/\/radiostudiow.com.br\/site\/wp-json\/wp\/v2\/posts\/38111\/revisions"}],"predecessor-version":[{"id":38112,"href":"https:\/\/radiostudiow.com.br\/site\/wp-json\/wp\/v2\/posts\/38111\/revisions\/38112"}],"wp:featuredmedia":[{"embeddable":true,"href":"https:\/\/radiostudiow.com.br\/site\/wp-json\/wp\/v2\/media\/10918"}],"wp:attachment":[{"href":"https:\/\/radiostudiow.com.br\/site\/wp-json\/wp\/v2\/media?parent=38111"}],"wp:term":[{"taxonomy":"category","embeddable":true,"href":"https:\/\/radiostudiow.com.br\/site\/wp-json\/wp\/v2\/categories?post=38111"},{"taxonomy":"post_tag","embeddable":true,"href":"https:\/\/radiostudiow.com.br\/site\/wp-json\/wp\/v2\/tags?post=38111"}],"curies":[{"name":"wp","href":"https:\/\/api.w.org\/{rel}","templated":true}]}}