{"id":38113,"date":"2025-05-14T11:31:15","date_gmt":"2025-05-14T14:31:15","guid":{"rendered":"https:\/\/radiostudiow.com.br\/site\/?p=38113"},"modified":"2025-05-14T11:31:15","modified_gmt":"2025-05-14T14:31:15","slug":"acidente-no-centro-de-general-carneiro-envolve-dois-carros-passeio-uma-motocicleta-e-uma-viatura-policial-crianca-e-uma-das-vitimas-feridas","status":"publish","type":"post","link":"https:\/\/radiostudiow.com.br\/site\/2025\/05\/14\/acidente-no-centro-de-general-carneiro-envolve-dois-carros-passeio-uma-motocicleta-e-uma-viatura-policial-crianca-e-uma-das-vitimas-feridas\/","title":{"rendered":"Acidente no centro de General Carneiro envolve dois carros passeio, uma motocicleta e uma viatura policial. Crian\u00e7a \u00e9 uma das v\u00edtimas feridas"},"content":{"rendered":"\n<figure class=\"wp-block-image size-full\"><img loading=\"lazy\" decoding=\"async\" width=\"300\" height=\"180\" src=\"https:\/\/radiostudiow.com.br\/site\/wp-content\/uploads\/2025\/05\/Avenida-BIKE.jpg\" alt=\"\" class=\"wp-image-37992\"\/><\/figure>\n\n\n\n<p>Uma colis\u00e3o em s\u00e9rie mobilizou equipes de socorro no centro de General Carneiro. O acidente ocorreu no cruzamento da Rua Esteliano Pizzatto com a Avenida Presidente Get\u00falio Vargas e envolveu quatro ve\u00edculos por volta das 15h10min dessa ter\u00e7a-feira (13).<\/p>\n\n\n\n<p>Os ve\u00edculos envolvidos foram uma motocicleta, um Ford Ka, um GM Prisma e uma viatura da Pol\u00edcia Militar. Cinco pessoas estavam na cena: dois policiais militares, o motorista do Ford Ka e duas ocupantes do GM Prisma.<\/p>\n\n\n\n<figure class=\"wp-block-image size-full\"><img loading=\"lazy\" decoding=\"async\" width=\"300\" height=\"180\" src=\"https:\/\/radiostudiow.com.br\/site\/wp-content\/uploads\/2025\/05\/VANE.png\" alt=\"\" class=\"wp-image-38014\"\/><\/figure>\n\n\n\n<p>Uma menina de cinco anos, que estava no banco traseiro do Prisma, ficou ferida ap\u00f3s o ve\u00edculo ser atingido. O carro estava estacionado e a condutora se preparava para sair quando houve a colis\u00e3o. A crian\u00e7a bateu a cabe\u00e7a e foi encaminhada com a m\u00e3e ao Pronto Atendimento Municipal. Ambas foram liberadas ap\u00f3s os primeiros cuidados.<\/p>\n\n\n\n<p>O motorista do Ford Ka tamb\u00e9m sofreu ferimentos leves e recebeu atendimento m\u00e9dico. Os policiais militares sa\u00edram ilesos. Oacidente causou grande mobiliza\u00e7\u00e3o no centro da cidade.<\/p>\n\n\n\n<figure class=\"wp-block-image size-full\"><img loading=\"lazy\" decoding=\"async\" width=\"540\" height=\"600\" src=\"https:\/\/radiostudiow.com.br\/site\/wp-content\/uploads\/2025\/05\/image-46.png\" alt=\"\" class=\"wp-image-38114\" srcset=\"https:\/\/radiostudiow.com.br\/site\/wp-content\/uploads\/2025\/05\/image-46.png 540w, https:\/\/radiostudiow.com.br\/site\/wp-content\/uploads\/2025\/05\/image-46-270x300.png 270w\" sizes=\"auto, (max-width: 540px) 100vw, 540px\" \/><figcaption class=\"wp-element-caption\"><em>Crian\u00e7a estava em um ve\u00edculo Prisma. (Fotos: Defesa Civil de General Carneiro).<\/em><\/figcaption><\/figure>\n\n\n\n<figure class=\"wp-block-image size-large\"><img loading=\"lazy\" decoding=\"async\" width=\"1024\" height=\"597\" src=\"https:\/\/radiostudiow.com.br\/site\/wp-content\/uploads\/2025\/05\/image-48-1024x597.png\" alt=\"\" class=\"wp-image-38117\" srcset=\"https:\/\/radiostudiow.com.br\/site\/wp-content\/uploads\/2025\/05\/image-48-1024x597.png 1024w, https:\/\/radiostudiow.com.br\/site\/wp-content\/uploads\/2025\/05\/image-48-300x175.png 300w, https:\/\/radiostudiow.com.br\/site\/wp-content\/uploads\/2025\/05\/image-48-768x448.png 768w, https:\/\/radiostudiow.com.br\/site\/wp-content\/uploads\/2025\/05\/image-48.png 1080w\" sizes=\"auto, (max-width: 1024px) 100vw, 1024px\" \/><\/figure>\n\n\n\n<p class=\"has-text-align-left\"><em>Fotos: Defesa Civil de General Carneiro<\/em><\/p>\n\n\n\n<figure class=\"wp-block-image size-full\"><img loading=\"lazy\" decoding=\"async\" width=\"720\" height=\"405\" src=\"https:\/\/radiostudiow.com.br\/site\/wp-content\/uploads\/2025\/05\/image-49.png\" alt=\"\" class=\"wp-image-38118\" srcset=\"https:\/\/radiostudiow.com.br\/site\/wp-content\/uploads\/2025\/05\/image-49.png 720w, https:\/\/radiostudiow.com.br\/site\/wp-content\/uploads\/2025\/05\/image-49-300x169.png 300w\" sizes=\"auto, (max-width: 720px) 100vw, 720px\" \/><figcaption class=\"wp-element-caption\"><em>Fotos: Defesa Civil de General Carneiro<br><\/em><\/figcaption><\/figure>\n\n\n\n<p><\/p>\n","protected":false},"excerpt":{"rendered":"<p>Uma colis\u00e3o em s\u00e9rie mobilizou equipes de socorro no centro de General Carneiro. O acidente ocorreu no cruzamento da Rua Esteliano Pizzatto com a Avenida Presidente Get\u00falio Vargas e envolveu quatro ve\u00edculos por volta das 15h10min dessa ter\u00e7a-feira (13). Os ve\u00edculos envolvidos foram uma motocicleta, um Ford Ka, um GM Prisma e uma viatura da [&hellip;]<\/p>\n","protected":false},"author":2,"featured_media":38115,"comment_status":"open","ping_status":"open","sticky":false,"template":"","format":"standard","meta":{"footnotes":""},"categories":[185],"tags":[172],"class_list":["post-38113","post","type-post","status-publish","format-standard","has-post-thumbnail","hentry","category-regional","tag-featured"],"amp_enabled":true,"_links":{"self":[{"href":"https:\/\/radiostudiow.com.br\/site\/wp-json\/wp\/v2\/posts\/38113","targetHints":{"allow":["GET"]}}],"collection":[{"href":"https:\/\/radiostudiow.com.br\/site\/wp-json\/wp\/v2\/posts"}],"about":[{"href":"https:\/\/radiostudiow.com.br\/site\/wp-json\/wp\/v2\/types\/post"}],"author":[{"embeddable":true,"href":"https:\/\/radiostudiow.com.br\/site\/wp-json\/wp\/v2\/users\/2"}],"replies":[{"embeddable":true,"href":"https:\/\/radiostudiow.com.br\/site\/wp-json\/wp\/v2\/comments?post=38113"}],"version-history":[{"count":3,"href":"https:\/\/radiostudiow.com.br\/site\/wp-json\/wp\/v2\/posts\/38113\/revisions"}],"predecessor-version":[{"id":38120,"href":"https:\/\/radiostudiow.com.br\/site\/wp-json\/wp\/v2\/posts\/38113\/revisions\/38120"}],"wp:featuredmedia":[{"embeddable":true,"href":"https:\/\/radiostudiow.com.br\/site\/wp-json\/wp\/v2\/media\/38115"}],"wp:attachment":[{"href":"https:\/\/radiostudiow.com.br\/site\/wp-json\/wp\/v2\/media?parent=38113"}],"wp:term":[{"taxonomy":"category","embeddable":true,"href":"https:\/\/radiostudiow.com.br\/site\/wp-json\/wp\/v2\/categories?post=38113"},{"taxonomy":"post_tag","embeddable":true,"href":"https:\/\/radiostudiow.com.br\/site\/wp-json\/wp\/v2\/tags?post=38113"}],"curies":[{"name":"wp","href":"https:\/\/api.w.org\/{rel}","templated":true}]}}