{"id":38123,"date":"2025-05-14T12:01:15","date_gmt":"2025-05-14T15:01:15","guid":{"rendered":"https:\/\/radiostudiow.com.br\/site\/?p=38123"},"modified":"2025-05-14T12:01:16","modified_gmt":"2025-05-14T15:01:16","slug":"serra-movel-clandestina-e-madeiras-de-especie-ameacada-de-extincao-sao-apreendidas-em-prudentopolis","status":"publish","type":"post","link":"https:\/\/radiostudiow.com.br\/site\/2025\/05\/14\/serra-movel-clandestina-e-madeiras-de-especie-ameacada-de-extincao-sao-apreendidas-em-prudentopolis\/","title":{"rendered":"SERRA M\u00d3VEL CLANDESTINA E MADEIRAS DE ESP\u00c9CIE AMEA\u00c7ADA DE EXTIN\u00c7\u00c3O S\u00c3O APREENDIDAS EM PRUDENT\u00d3POLIS"},"content":{"rendered":"\n<figure class=\"wp-block-image size-full\"><img loading=\"lazy\" decoding=\"async\" width=\"897\" height=\"204\" src=\"https:\/\/radiostudiow.com.br\/site\/wp-content\/uploads\/2025\/03\/SITE-GRANDE5.png\" alt=\"\" class=\"wp-image-35420\" srcset=\"https:\/\/radiostudiow.com.br\/site\/wp-content\/uploads\/2025\/03\/SITE-GRANDE5.png 897w, https:\/\/radiostudiow.com.br\/site\/wp-content\/uploads\/2025\/03\/SITE-GRANDE5-300x68.png 300w, https:\/\/radiostudiow.com.br\/site\/wp-content\/uploads\/2025\/03\/SITE-GRANDE5-768x175.png 768w\" sizes=\"auto, (max-width: 897px) 100vw, 897px\" \/><\/figure>\n\n\n\n<p>No dia 12 de maio, a equipe de fiscaliza\u00e7\u00e3o da Pol\u00edcia Militar Ambiental realizou fiscaliza\u00e7\u00e3o em um im\u00f3vel localizado no per\u00edmetro urbano de Prudent\u00f3polis, ap\u00f3s receber uma den\u00fancia an\u00f4nima sobre a instala\u00e7\u00e3o de uma serra m\u00f3vel clandestina no local.<\/p>\n\n\n\n<p>Durante a inspe\u00e7\u00e3o, os policiais confirmaram a presen\u00e7a da serra m\u00f3vel, al\u00e9m de toras e pranchas de madeira de Cedro Rosa, uma esp\u00e9cie amea\u00e7ada de extin\u00e7\u00e3o. Os respons\u00e1veis pelo local n\u00e3o possu\u00edam licenciamento ambiental necess\u00e1rio para a instala\u00e7\u00e3o e funcionamento da serra, tampouco para o armazenamento das madeiras.<\/p>\n\n\n\n<figure class=\"wp-block-image size-full\"><img loading=\"lazy\" decoding=\"async\" width=\"598\" height=\"204\" src=\"https:\/\/radiostudiow.com.br\/site\/wp-content\/uploads\/2025\/01\/SITE-MEDIO.png\" alt=\"\" class=\"wp-image-32810\" srcset=\"https:\/\/radiostudiow.com.br\/site\/wp-content\/uploads\/2025\/01\/SITE-MEDIO.png 598w, https:\/\/radiostudiow.com.br\/site\/wp-content\/uploads\/2025\/01\/SITE-MEDIO-300x102.png 300w\" sizes=\"auto, (max-width: 598px) 100vw, 598px\" \/><\/figure>\n\n\n\n<p>Diante dos fatos, foi lavrado um termo circunstanciado contra o infrator por dep\u00f3sito irregular de madeira e uso de equipamento sem autoriza\u00e7\u00e3o. A serra m\u00f3vel foi apreendida, e as madeiras de Cedro Rosa foram doadas, contribuindo para a preserva\u00e7\u00e3o da esp\u00e9cie.<\/p>\n\n\n\n<p>A a\u00e7\u00e3o refor\u00e7a o compromisso da Pol\u00edcia Militar Ambiental na prote\u00e7\u00e3o dos recursos naturais e no combate ao desmatamento ilegal na regi\u00e3o.<\/p>\n\n\n\n<p>Resultados:<\/p>\n\n\n\n<p>\u2705 4,423 metros c\u00fabicos de madeira beneficiada apreendida;<br>\u2705 01 serra m\u00f3vel apreendida;<br>\u2705 auto de infra\u00e7\u00e3o ambiental no valor de R$ 2.700,00.<\/p>\n\n\n\n<figure class=\"wp-block-image size-full\"><img loading=\"lazy\" decoding=\"async\" width=\"300\" height=\"180\" src=\"https:\/\/radiostudiow.com.br\/site\/wp-content\/uploads\/2025\/04\/LOU.png\" alt=\"\" class=\"wp-image-37228\"\/><\/figure>\n\n\n\n<figure class=\"wp-block-image size-large\"><img loading=\"lazy\" decoding=\"async\" width=\"1024\" height=\"576\" src=\"https:\/\/radiostudiow.com.br\/site\/wp-content\/uploads\/2025\/05\/image-51-1024x576.png\" alt=\"\" class=\"wp-image-38125\" srcset=\"https:\/\/radiostudiow.com.br\/site\/wp-content\/uploads\/2025\/05\/image-51-1024x576.png 1024w, https:\/\/radiostudiow.com.br\/site\/wp-content\/uploads\/2025\/05\/image-51-300x169.png 300w, https:\/\/radiostudiow.com.br\/site\/wp-content\/uploads\/2025\/05\/image-51-768x432.png 768w, https:\/\/radiostudiow.com.br\/site\/wp-content\/uploads\/2025\/05\/image-51-1536x864.png 1536w, https:\/\/radiostudiow.com.br\/site\/wp-content\/uploads\/2025\/05\/image-51.png 1599w\" sizes=\"auto, (max-width: 1024px) 100vw, 1024px\" \/><\/figure>\n\n\n\n<figure class=\"wp-block-image size-large\"><img loading=\"lazy\" decoding=\"async\" width=\"1024\" height=\"576\" src=\"https:\/\/radiostudiow.com.br\/site\/wp-content\/uploads\/2025\/05\/image-52-1024x576.png\" alt=\"\" class=\"wp-image-38126\" srcset=\"https:\/\/radiostudiow.com.br\/site\/wp-content\/uploads\/2025\/05\/image-52-1024x576.png 1024w, https:\/\/radiostudiow.com.br\/site\/wp-content\/uploads\/2025\/05\/image-52-300x169.png 300w, https:\/\/radiostudiow.com.br\/site\/wp-content\/uploads\/2025\/05\/image-52-768x432.png 768w, https:\/\/radiostudiow.com.br\/site\/wp-content\/uploads\/2025\/05\/image-52.png 1280w\" sizes=\"auto, (max-width: 1024px) 100vw, 1024px\" \/><\/figure>\n\n\n\n<p><em>Pol\u00edcia Militar do Paran\u00e1, n\u00f3s fazemos a diferen\u00e7a!<\/em><\/p>\n","protected":false},"excerpt":{"rendered":"<p>No dia 12 de maio, a equipe de fiscaliza\u00e7\u00e3o da Pol\u00edcia Militar Ambiental realizou fiscaliza\u00e7\u00e3o em um im\u00f3vel localizado no per\u00edmetro urbano de Prudent\u00f3polis, ap\u00f3s receber uma den\u00fancia an\u00f4nima sobre a instala\u00e7\u00e3o de uma serra m\u00f3vel clandestina no local. Durante a inspe\u00e7\u00e3o, os policiais confirmaram a presen\u00e7a da serra m\u00f3vel, al\u00e9m de toras e pranchas [&hellip;]<\/p>\n","protected":false},"author":2,"featured_media":38124,"comment_status":"open","ping_status":"open","sticky":false,"template":"","format":"standard","meta":{"footnotes":""},"categories":[2],"tags":[172],"class_list":["post-38123","post","type-post","status-publish","format-standard","has-post-thumbnail","hentry","category-policial","tag-featured"],"amp_enabled":true,"_links":{"self":[{"href":"https:\/\/radiostudiow.com.br\/site\/wp-json\/wp\/v2\/posts\/38123","targetHints":{"allow":["GET"]}}],"collection":[{"href":"https:\/\/radiostudiow.com.br\/site\/wp-json\/wp\/v2\/posts"}],"about":[{"href":"https:\/\/radiostudiow.com.br\/site\/wp-json\/wp\/v2\/types\/post"}],"author":[{"embeddable":true,"href":"https:\/\/radiostudiow.com.br\/site\/wp-json\/wp\/v2\/users\/2"}],"replies":[{"embeddable":true,"href":"https:\/\/radiostudiow.com.br\/site\/wp-json\/wp\/v2\/comments?post=38123"}],"version-history":[{"count":1,"href":"https:\/\/radiostudiow.com.br\/site\/wp-json\/wp\/v2\/posts\/38123\/revisions"}],"predecessor-version":[{"id":38127,"href":"https:\/\/radiostudiow.com.br\/site\/wp-json\/wp\/v2\/posts\/38123\/revisions\/38127"}],"wp:featuredmedia":[{"embeddable":true,"href":"https:\/\/radiostudiow.com.br\/site\/wp-json\/wp\/v2\/media\/38124"}],"wp:attachment":[{"href":"https:\/\/radiostudiow.com.br\/site\/wp-json\/wp\/v2\/media?parent=38123"}],"wp:term":[{"taxonomy":"category","embeddable":true,"href":"https:\/\/radiostudiow.com.br\/site\/wp-json\/wp\/v2\/categories?post=38123"},{"taxonomy":"post_tag","embeddable":true,"href":"https:\/\/radiostudiow.com.br\/site\/wp-json\/wp\/v2\/tags?post=38123"}],"curies":[{"name":"wp","href":"https:\/\/api.w.org\/{rel}","templated":true}]}}