{"id":38131,"date":"2025-05-14T12:05:19","date_gmt":"2025-05-14T15:05:19","guid":{"rendered":"https:\/\/radiostudiow.com.br\/site\/?p=38131"},"modified":"2025-05-14T12:05:20","modified_gmt":"2025-05-14T15:05:20","slug":"acidente-envolvendo-carro-e-onibus-em-prudentopolis","status":"publish","type":"post","link":"https:\/\/radiostudiow.com.br\/site\/2025\/05\/14\/acidente-envolvendo-carro-e-onibus-em-prudentopolis\/","title":{"rendered":"ACIDENTE ENVOLVENDO CARRO E \u00d4NIBUS EM PRUDENT\u00d3POLIS"},"content":{"rendered":"\n<figure class=\"wp-block-image size-full\"><img loading=\"lazy\" decoding=\"async\" width=\"300\" height=\"180\" src=\"https:\/\/radiostudiow.com.br\/site\/wp-content\/uploads\/2025\/05\/VANE.png\" alt=\"\" class=\"wp-image-38014\"\/><\/figure>\n\n\n\n<p>Condutora do ve\u00edculo com placas de Imbituva, de 33 anos e os passageiros de 40 e 44 anos e o condutor do \u00f4nibus de 39 anos, e 8 passageiros, ambos sa\u00edram ilesos.<\/p>\n\n\n\n<p>Um acidente do tipo colis\u00e3o frontal envolvendo dois ve\u00edculos e resultando em uma pessoa encaminhada pelo crime de embriaguez, por volta das 05h00min dessa domingo (11), na BR-373 km 270 em Prudent\u00f3polis<\/p>\n\n\n\n<p>Os ve\u00edculos envolvidos foram: Um Versa de cor branca com placas de Imbituva (PR) e um \u00f4nibus da empresa Nordeste que vinha de S\u00e3o Paulo para Guarapuava.<\/p>\n\n\n\n<figure class=\"wp-block-image size-full\"><img loading=\"lazy\" decoding=\"async\" width=\"598\" height=\"204\" src=\"https:\/\/radiostudiow.com.br\/site\/wp-content\/uploads\/2025\/01\/SITE-MEDIO3.png\" alt=\"\" class=\"wp-image-32815\" srcset=\"https:\/\/radiostudiow.com.br\/site\/wp-content\/uploads\/2025\/01\/SITE-MEDIO3.png 598w, https:\/\/radiostudiow.com.br\/site\/wp-content\/uploads\/2025\/01\/SITE-MEDIO3-300x102.png 300w\" sizes=\"auto, (max-width: 598px) 100vw, 598px\" \/><\/figure>\n\n\n\n<p>A condutora do Versa de 33 anos, e os passageiros, de 40 e 44 anos, permaneceram ilesos. A condutora realizou o teste do baf\u00f4metro e teve como resultado 0,86mg\/l de \u00e1lcool, sendo encaminhada para a pol\u00edcia civil de Prudent\u00f3polis pelo crime de embriaguez ao volante.<\/p>\n\n\n\n<p>O condutor do \u00f4nibus de 39 anos, permaneceu ileso. Realizou o teste do baf\u00f4metro, tendo resultado negativo para ingest\u00e3o de \u00e1lcool. No \u00f4nibus, os 8 passageiros permaneceram ilesos.<\/p>\n\n\n\n<p>Informa\u00e7\u00f5es PRF<br>Imagem Divulga\u00e7\u00e3o\/Rep\u00f3rter Silvo Nego<br>Colabora\u00e7\u00e3o Rep\u00f3rter Kiko de Oliveira<\/p>\n","protected":false},"excerpt":{"rendered":"<p>Condutora do ve\u00edculo com placas de Imbituva, de 33 anos e os passageiros de 40 e 44 anos e o condutor do \u00f4nibus de 39 anos, e 8 passageiros, ambos sa\u00edram ilesos. Um acidente do tipo colis\u00e3o frontal envolvendo dois ve\u00edculos e resultando em uma pessoa encaminhada pelo crime de embriaguez, por volta das 05h00min [&hellip;]<\/p>\n","protected":false},"author":2,"featured_media":38132,"comment_status":"open","ping_status":"open","sticky":false,"template":"","format":"standard","meta":{"footnotes":""},"categories":[185],"tags":[172],"class_list":["post-38131","post","type-post","status-publish","format-standard","has-post-thumbnail","hentry","category-regional","tag-featured"],"amp_enabled":true,"_links":{"self":[{"href":"https:\/\/radiostudiow.com.br\/site\/wp-json\/wp\/v2\/posts\/38131","targetHints":{"allow":["GET"]}}],"collection":[{"href":"https:\/\/radiostudiow.com.br\/site\/wp-json\/wp\/v2\/posts"}],"about":[{"href":"https:\/\/radiostudiow.com.br\/site\/wp-json\/wp\/v2\/types\/post"}],"author":[{"embeddable":true,"href":"https:\/\/radiostudiow.com.br\/site\/wp-json\/wp\/v2\/users\/2"}],"replies":[{"embeddable":true,"href":"https:\/\/radiostudiow.com.br\/site\/wp-json\/wp\/v2\/comments?post=38131"}],"version-history":[{"count":1,"href":"https:\/\/radiostudiow.com.br\/site\/wp-json\/wp\/v2\/posts\/38131\/revisions"}],"predecessor-version":[{"id":38133,"href":"https:\/\/radiostudiow.com.br\/site\/wp-json\/wp\/v2\/posts\/38131\/revisions\/38133"}],"wp:featuredmedia":[{"embeddable":true,"href":"https:\/\/radiostudiow.com.br\/site\/wp-json\/wp\/v2\/media\/38132"}],"wp:attachment":[{"href":"https:\/\/radiostudiow.com.br\/site\/wp-json\/wp\/v2\/media?parent=38131"}],"wp:term":[{"taxonomy":"category","embeddable":true,"href":"https:\/\/radiostudiow.com.br\/site\/wp-json\/wp\/v2\/categories?post=38131"},{"taxonomy":"post_tag","embeddable":true,"href":"https:\/\/radiostudiow.com.br\/site\/wp-json\/wp\/v2\/tags?post=38131"}],"curies":[{"name":"wp","href":"https:\/\/api.w.org\/{rel}","templated":true}]}}