{"id":38135,"date":"2025-05-14T17:15:28","date_gmt":"2025-05-14T20:15:28","guid":{"rendered":"https:\/\/radiostudiow.com.br\/site\/?p=38135"},"modified":"2025-05-14T17:15:28","modified_gmt":"2025-05-14T20:15:28","slug":"morador-de-sao-mateus-do-sul-esta-desaparecido-e-casa-apresenta-marcas-de-sangue","status":"publish","type":"post","link":"https:\/\/radiostudiow.com.br\/site\/2025\/05\/14\/morador-de-sao-mateus-do-sul-esta-desaparecido-e-casa-apresenta-marcas-de-sangue\/","title":{"rendered":"Morador de S\u00e3o Mateus do Sul est\u00e1 desaparecido e casa apresenta marcas de sangue"},"content":{"rendered":"\n<p>As equipes da Pol\u00edcia Civil e per\u00edcia da Pol\u00edcia Cient\u00edfica do Paran\u00e1 estiveram em uma resid\u00eancia na Rua Dona Estef\u00e2nia na cidade de S\u00e3o Mateus do Sul \u00e0s margens da rodovia, para investigar uma resid\u00eancia ap\u00f3s o boletim de ocorr\u00eandia relatando o desaparecimento de um homem nesta quarta-feira (14).<\/p>\n\n\n\n<p><strong><em>A v\u00edtima identificada como C\u00edcero de Souza Guedes, mais conhecido como \u201cPalha\u00e7o Chumbrega\u201d, que n\u00e3o foi mais visto por familiares e amigos.<\/em><\/strong><\/p>\n\n\n\n<figure class=\"wp-block-image size-full\"><img loading=\"lazy\" decoding=\"async\" width=\"897\" height=\"204\" src=\"https:\/\/radiostudiow.com.br\/site\/wp-content\/uploads\/2024\/01\/SITE-GRANDE3.png\" alt=\"zaions\" class=\"wp-image-18936\" srcset=\"https:\/\/radiostudiow.com.br\/site\/wp-content\/uploads\/2024\/01\/SITE-GRANDE3.png 897w, https:\/\/radiostudiow.com.br\/site\/wp-content\/uploads\/2024\/01\/SITE-GRANDE3-300x68.png 300w, https:\/\/radiostudiow.com.br\/site\/wp-content\/uploads\/2024\/01\/SITE-GRANDE3-768x175.png 768w\" sizes=\"auto, (max-width: 897px) 100vw, 897px\" \/><\/figure>\n\n\n\n<p>Na resid\u00eancia de C\u00edcero, os policiais constataram marcas de sangue em diversos pontos da casa e tamb\u00e9m no p\u00e1tio externo. No entanto, n\u00e3o havia ningu\u00e9m na resid\u00eancia. De imediato o Instituto de Criminal\u00edstica de Uni\u00e3o da Vit\u00f3ria foi acionado para realizar uma per\u00edcia detalhada no im\u00f3vel.<\/p>\n\n\n\n<p>A equipe da Pol\u00edcia Civil seguem com as investiga\u00e7\u00f5es para encontrar C\u00edcero e descobrir o que aconteceu no local. A equipe especializada recolheu impress\u00f5es digitais e outras evid\u00eancias que possam ajudar a esclarecer o ocorrido.<\/p>\n\n\n\n<figure class=\"wp-block-image size-full\"><img loading=\"lazy\" decoding=\"async\" width=\"300\" height=\"180\" src=\"https:\/\/radiostudiow.com.br\/site\/wp-content\/uploads\/2025\/04\/LOU.png\" alt=\"\" class=\"wp-image-37228\"\/><\/figure>\n\n\n\n<p>De acordo com o Portal RDX, a principal suspeita \u00e9 de quem uma briga entre pai e filho pode ter ocasionado o desaparecimento. A pol\u00edcia n\u00e3o descarta um homic\u00eddio.<\/p>\n\n\n\n<p>Qualquer informa\u00e7\u00f5es sobre o paradeiro a Pol\u00edcia Civil pode ser acionada. As den\u00fancias podem ser feitas de forma an\u00f4nima pelo WhatsApp (42) 3532-3190.<\/p>\n\n\n\n<figure class=\"wp-block-image size-full\"><img loading=\"lazy\" decoding=\"async\" width=\"1024\" height=\"538\" src=\"https:\/\/radiostudiow.com.br\/site\/wp-content\/uploads\/2025\/05\/a476a7e7-10ef-4c79-87e4-24e9106f1489-1024x538-1.jpeg\" alt=\"\" class=\"wp-image-38137\" srcset=\"https:\/\/radiostudiow.com.br\/site\/wp-content\/uploads\/2025\/05\/a476a7e7-10ef-4c79-87e4-24e9106f1489-1024x538-1.jpeg 1024w, https:\/\/radiostudiow.com.br\/site\/wp-content\/uploads\/2025\/05\/a476a7e7-10ef-4c79-87e4-24e9106f1489-1024x538-1-300x158.jpeg 300w, https:\/\/radiostudiow.com.br\/site\/wp-content\/uploads\/2025\/05\/a476a7e7-10ef-4c79-87e4-24e9106f1489-1024x538-1-768x404.jpeg 768w\" sizes=\"auto, (max-width: 1024px) 100vw, 1024px\" \/><\/figure>\n","protected":false},"excerpt":{"rendered":"<p>As equipes da Pol\u00edcia Civil e per\u00edcia da Pol\u00edcia Cient\u00edfica do Paran\u00e1 estiveram em uma resid\u00eancia na Rua Dona Estef\u00e2nia na cidade de S\u00e3o Mateus do Sul \u00e0s margens da rodovia, para investigar uma resid\u00eancia ap\u00f3s o boletim de ocorr\u00eandia relatando o desaparecimento de um homem nesta quarta-feira (14). A v\u00edtima identificada como C\u00edcero de [&hellip;]<\/p>\n","protected":false},"author":2,"featured_media":38136,"comment_status":"open","ping_status":"open","sticky":false,"template":"","format":"standard","meta":{"footnotes":""},"categories":[2],"tags":[172],"class_list":["post-38135","post","type-post","status-publish","format-standard","has-post-thumbnail","hentry","category-policial","tag-featured"],"amp_enabled":true,"_links":{"self":[{"href":"https:\/\/radiostudiow.com.br\/site\/wp-json\/wp\/v2\/posts\/38135","targetHints":{"allow":["GET"]}}],"collection":[{"href":"https:\/\/radiostudiow.com.br\/site\/wp-json\/wp\/v2\/posts"}],"about":[{"href":"https:\/\/radiostudiow.com.br\/site\/wp-json\/wp\/v2\/types\/post"}],"author":[{"embeddable":true,"href":"https:\/\/radiostudiow.com.br\/site\/wp-json\/wp\/v2\/users\/2"}],"replies":[{"embeddable":true,"href":"https:\/\/radiostudiow.com.br\/site\/wp-json\/wp\/v2\/comments?post=38135"}],"version-history":[{"count":1,"href":"https:\/\/radiostudiow.com.br\/site\/wp-json\/wp\/v2\/posts\/38135\/revisions"}],"predecessor-version":[{"id":38138,"href":"https:\/\/radiostudiow.com.br\/site\/wp-json\/wp\/v2\/posts\/38135\/revisions\/38138"}],"wp:featuredmedia":[{"embeddable":true,"href":"https:\/\/radiostudiow.com.br\/site\/wp-json\/wp\/v2\/media\/38136"}],"wp:attachment":[{"href":"https:\/\/radiostudiow.com.br\/site\/wp-json\/wp\/v2\/media?parent=38135"}],"wp:term":[{"taxonomy":"category","embeddable":true,"href":"https:\/\/radiostudiow.com.br\/site\/wp-json\/wp\/v2\/categories?post=38135"},{"taxonomy":"post_tag","embeddable":true,"href":"https:\/\/radiostudiow.com.br\/site\/wp-json\/wp\/v2\/tags?post=38135"}],"curies":[{"name":"wp","href":"https:\/\/api.w.org\/{rel}","templated":true}]}}