{"id":38139,"date":"2025-05-14T17:23:09","date_gmt":"2025-05-14T20:23:09","guid":{"rendered":"https:\/\/radiostudiow.com.br\/site\/?p=38139"},"modified":"2025-05-14T17:23:09","modified_gmt":"2025-05-14T20:23:09","slug":"homem-e-preso-por-porte-de-drogas-em-irati","status":"publish","type":"post","link":"https:\/\/radiostudiow.com.br\/site\/2025\/05\/14\/homem-e-preso-por-porte-de-drogas-em-irati\/","title":{"rendered":"Homem \u00e9 preso por porte de drogas em Irati"},"content":{"rendered":"\n<figure class=\"wp-block-image size-full\"><img loading=\"lazy\" decoding=\"async\" width=\"598\" height=\"204\" src=\"https:\/\/radiostudiow.com.br\/site\/wp-content\/uploads\/2025\/01\/SITE-MEDIO7.png\" alt=\"\" class=\"wp-image-32801\" srcset=\"https:\/\/radiostudiow.com.br\/site\/wp-content\/uploads\/2025\/01\/SITE-MEDIO7.png 598w, https:\/\/radiostudiow.com.br\/site\/wp-content\/uploads\/2025\/01\/SITE-MEDIO7-300x102.png 300w\" sizes=\"auto, (max-width: 598px) 100vw, 598px\" \/><\/figure>\n\n\n\n<p>Durante patrulhamento de rotina pelo bairro Alto da Lagoa, em Irati, uma equipe policial avistou um indiv\u00edduo j\u00e1 conhecido pelas autoridades, sobre o qual reca\u00eda um mandado de pris\u00e3o em aberto pelo crime de furto. O caso ocorreu na tarde desta ter\u00e7a-feira (13).<\/p>\n\n\n\n<p>Ao receber ordem de parada, o suspeito desobedeceu e correu para o interior de sua resid\u00eancia. Os policiais acompanharam a movimenta\u00e7\u00e3o e flagraram o momento em que o homem dispensou um recipiente atr\u00e1s de um sof\u00e1. Posteriormente, constatou-se que o objeto continha pedras de subst\u00e2ncia an\u00e1loga ao crack, totalizando 3,2 gramas.<\/p>\n\n\n\n<figure class=\"wp-block-image size-full\"><img loading=\"lazy\" decoding=\"async\" width=\"300\" height=\"180\" src=\"https:\/\/radiostudiow.com.br\/site\/wp-content\/uploads\/2025\/05\/NEO.png\" alt=\"\" class=\"wp-image-37540\"\/><\/figure>\n\n\n\n<p>Durante a abordagem, o homem ainda tentou fugir novamente, correndo para o quintal e oferecendo resist\u00eancia \u00e0 pris\u00e3o. Ap\u00f3s ser contido, os policiais confirmaram, por meio dos sistemas informatizados, a exist\u00eancia do mandado de pris\u00e3o em vigor.<\/p>\n\n\n\n<p>Diante dos fatos, o suspeito foi encaminhado \u00e0 41\u00aa Delegacia Regional de Pol\u00edcia Civil de Irati para as provid\u00eancias cab\u00edveis.<\/p>\n","protected":false},"excerpt":{"rendered":"<p>Durante patrulhamento de rotina pelo bairro Alto da Lagoa, em Irati, uma equipe policial avistou um indiv\u00edduo j\u00e1 conhecido pelas autoridades, sobre o qual reca\u00eda um mandado de pris\u00e3o em aberto pelo crime de furto. O caso ocorreu na tarde desta ter\u00e7a-feira (13). Ao receber ordem de parada, o suspeito desobedeceu e correu para o [&hellip;]<\/p>\n","protected":false},"author":2,"featured_media":32720,"comment_status":"open","ping_status":"open","sticky":false,"template":"","format":"standard","meta":{"footnotes":""},"categories":[2],"tags":[172],"class_list":["post-38139","post","type-post","status-publish","format-standard","has-post-thumbnail","hentry","category-policial","tag-featured"],"amp_enabled":true,"_links":{"self":[{"href":"https:\/\/radiostudiow.com.br\/site\/wp-json\/wp\/v2\/posts\/38139","targetHints":{"allow":["GET"]}}],"collection":[{"href":"https:\/\/radiostudiow.com.br\/site\/wp-json\/wp\/v2\/posts"}],"about":[{"href":"https:\/\/radiostudiow.com.br\/site\/wp-json\/wp\/v2\/types\/post"}],"author":[{"embeddable":true,"href":"https:\/\/radiostudiow.com.br\/site\/wp-json\/wp\/v2\/users\/2"}],"replies":[{"embeddable":true,"href":"https:\/\/radiostudiow.com.br\/site\/wp-json\/wp\/v2\/comments?post=38139"}],"version-history":[{"count":1,"href":"https:\/\/radiostudiow.com.br\/site\/wp-json\/wp\/v2\/posts\/38139\/revisions"}],"predecessor-version":[{"id":38140,"href":"https:\/\/radiostudiow.com.br\/site\/wp-json\/wp\/v2\/posts\/38139\/revisions\/38140"}],"wp:featuredmedia":[{"embeddable":true,"href":"https:\/\/radiostudiow.com.br\/site\/wp-json\/wp\/v2\/media\/32720"}],"wp:attachment":[{"href":"https:\/\/radiostudiow.com.br\/site\/wp-json\/wp\/v2\/media?parent=38139"}],"wp:term":[{"taxonomy":"category","embeddable":true,"href":"https:\/\/radiostudiow.com.br\/site\/wp-json\/wp\/v2\/categories?post=38139"},{"taxonomy":"post_tag","embeddable":true,"href":"https:\/\/radiostudiow.com.br\/site\/wp-json\/wp\/v2\/tags?post=38139"}],"curies":[{"name":"wp","href":"https:\/\/api.w.org\/{rel}","templated":true}]}}