{"id":3814,"date":"2021-09-27T16:14:35","date_gmt":"2021-09-27T19:14:35","guid":{"rendered":"https:\/\/radiostudiow.com.br\/site\/?p=3814"},"modified":"2025-01-31T15:12:27","modified_gmt":"2025-01-31T18:12:27","slug":"policias-militar-e-civil-de-mallet-prendem-homem-com-57-buchas-de-cocaina","status":"publish","type":"post","link":"https:\/\/radiostudiow.com.br\/site\/2021\/09\/27\/policias-militar-e-civil-de-mallet-prendem-homem-com-57-buchas-de-cocaina\/","title":{"rendered":"POL\u00cdCIAS MILITAR E CIVIL DE MALLET, APREENDEM HOMEM COM 57 BUCHAS DE COCA\u00cdNA"},"content":{"rendered":"\n<p>As equipes da Pol\u00edcia Militar do Pelot\u00e3o Cabo Abr\u00e3o Kanclarovicz e da Pol\u00edcia Civil da 10\u00aa DRP de Mallet, cumpriram mandado de busca e apreens\u00e3o domiciliar na \u00e1rea rural do munic\u00edpio.<\/p>\n\n\n\n<p>O fato ocorreu&nbsp; por volta das 15:50 horas, desta sexta \u2013 feira dia 24 de setembro.<\/p>\n\n\n\n<p>No local os policiais abordaram e apresentaram ao suspeito que estava na frente da resid\u00eancia, o mandado judicial,&nbsp; foi indagado se tinha algum tipo de entorpecente&nbsp; na casa e ele respondeu que n\u00e3o havia.<\/p>\n\n\n\n<p>Diante da situa\u00e7\u00e3o as equipes iniciaram as buscas no im\u00f3vel, sendo localizada a droga escondida na \u00e1rea externa, totalizando 57 buchas de coca\u00edna embaladas prontas para a venda e certa quantia em dinheiro.<\/p>\n\n\n\n<p>Foi dada voz de pris\u00e3o ao respons\u00e1vel pelo local e lido seus direitos constitucionais, encaminhado na sequ\u00eancia para a 10\u00aa DRP (Delegacia de Pol\u00edcia Civil de Mallet).<\/p>\n\n\n\n<figure class=\"wp-block-image size-full\"><img decoding=\"async\" src=\"https:\/\/radiostudiow.com.br\/site\/wp-content\/uploads\/2021\/08\/vem_ai.jpg\" alt=\"\" class=\"wp-image-3354\"\/><\/figure>\n","protected":false},"excerpt":{"rendered":"<p>As equipes da Pol\u00edcia Militar do Pelot\u00e3o Cabo Abr\u00e3o Kanclarovicz e da Pol\u00edcia Civil da 10\u00aa DRP de Mallet, cumpriram mandado de busca e apreens\u00e3o domiciliar na \u00e1rea rural do munic\u00edpio. O fato ocorreu&nbsp; por volta das 15:50 horas, desta sexta \u2013 feira dia 24 de setembro. No local os policiais abordaram e apresentaram ao [&hellip;]<\/p>\n","protected":false},"author":2,"featured_media":3633,"comment_status":"open","ping_status":"open","sticky":false,"template":"","format":"standard","meta":{"footnotes":""},"categories":[2],"tags":[172],"class_list":["post-3814","post","type-post","status-publish","format-standard","has-post-thumbnail","hentry","category-policial","tag-featured"],"amp_enabled":true,"_links":{"self":[{"href":"https:\/\/radiostudiow.com.br\/site\/wp-json\/wp\/v2\/posts\/3814","targetHints":{"allow":["GET"]}}],"collection":[{"href":"https:\/\/radiostudiow.com.br\/site\/wp-json\/wp\/v2\/posts"}],"about":[{"href":"https:\/\/radiostudiow.com.br\/site\/wp-json\/wp\/v2\/types\/post"}],"author":[{"embeddable":true,"href":"https:\/\/radiostudiow.com.br\/site\/wp-json\/wp\/v2\/users\/2"}],"replies":[{"embeddable":true,"href":"https:\/\/radiostudiow.com.br\/site\/wp-json\/wp\/v2\/comments?post=3814"}],"version-history":[{"count":4,"href":"https:\/\/radiostudiow.com.br\/site\/wp-json\/wp\/v2\/posts\/3814\/revisions"}],"predecessor-version":[{"id":3838,"href":"https:\/\/radiostudiow.com.br\/site\/wp-json\/wp\/v2\/posts\/3814\/revisions\/3838"}],"wp:featuredmedia":[{"embeddable":true,"href":"https:\/\/radiostudiow.com.br\/site\/wp-json\/wp\/v2\/media\/3633"}],"wp:attachment":[{"href":"https:\/\/radiostudiow.com.br\/site\/wp-json\/wp\/v2\/media?parent=3814"}],"wp:term":[{"taxonomy":"category","embeddable":true,"href":"https:\/\/radiostudiow.com.br\/site\/wp-json\/wp\/v2\/categories?post=3814"},{"taxonomy":"post_tag","embeddable":true,"href":"https:\/\/radiostudiow.com.br\/site\/wp-json\/wp\/v2\/tags?post=3814"}],"curies":[{"name":"wp","href":"https:\/\/api.w.org\/{rel}","templated":true}]}}