{"id":38141,"date":"2025-05-14T18:34:14","date_gmt":"2025-05-14T21:34:14","guid":{"rendered":"https:\/\/radiostudiow.com.br\/site\/?p=38141"},"modified":"2025-05-14T18:34:15","modified_gmt":"2025-05-14T21:34:15","slug":"policia-ambiental-aplica-r-70-mil-em-multas-por-crimes-ambientais-em-inacio-martins-e-ivai","status":"publish","type":"post","link":"https:\/\/radiostudiow.com.br\/site\/2025\/05\/14\/policia-ambiental-aplica-r-70-mil-em-multas-por-crimes-ambientais-em-inacio-martins-e-ivai\/","title":{"rendered":"Pol\u00edcia Ambiental aplica R$ 70 mil em multas por crimes ambientais em In\u00e1cio Martins e Iva\u00ed"},"content":{"rendered":"\n<figure class=\"wp-block-image size-full\"><img loading=\"lazy\" decoding=\"async\" width=\"897\" height=\"204\" src=\"https:\/\/radiostudiow.com.br\/site\/wp-content\/uploads\/2025\/01\/SITE-GRANDE3.png\" alt=\"\" class=\"wp-image-32900\" srcset=\"https:\/\/radiostudiow.com.br\/site\/wp-content\/uploads\/2025\/01\/SITE-GRANDE3.png 897w, https:\/\/radiostudiow.com.br\/site\/wp-content\/uploads\/2025\/01\/SITE-GRANDE3-300x68.png 300w, https:\/\/radiostudiow.com.br\/site\/wp-content\/uploads\/2025\/01\/SITE-GRANDE3-768x175.png 768w\" sizes=\"auto, (max-width: 897px) 100vw, 897px\" \/><\/figure>\n\n\n\n<p>A equipe da Pol\u00edcia Militar Ambiental lavrou autos de infra\u00e7\u00e3o e embargou \u00e1reas em duas propriedades rurais localizadas nos munic\u00edpios de In\u00e1cio Martins e Iva\u00ed, ap\u00f3s constatar graves irregularidades ambientais durante vistorias realizadas em resposta a den\u00fancias an\u00f4nimas.<\/p>\n\n\n\n<p>Na localidade de Fazenda Velha, em In\u00e1cio Martins, os policiais flagraram a destrui\u00e7\u00e3o de aproximadamente 2 hectares de vegeta\u00e7\u00e3o nativa situada \u00e0s margens do Rio da Areia, \u00e1rea classificada como de Preserva\u00e7\u00e3o Permanente. J\u00e1 em S\u00e3o Roque, no munic\u00edpio de Iva\u00ed, foi verificada a destoca irregular de 2,49 hectares de pinus, afetando diretamente um c\u00f3rrego e gerando significativo impacto ambiental.<\/p>\n\n\n\n<figure class=\"wp-block-image size-full\"><img loading=\"lazy\" decoding=\"async\" width=\"598\" height=\"204\" src=\"https:\/\/radiostudiow.com.br\/site\/wp-content\/uploads\/2025\/05\/POLAK.png\" alt=\"\" class=\"wp-image-37847\" srcset=\"https:\/\/radiostudiow.com.br\/site\/wp-content\/uploads\/2025\/05\/POLAK.png 598w, https:\/\/radiostudiow.com.br\/site\/wp-content\/uploads\/2025\/05\/POLAK-300x102.png 300w\" sizes=\"auto, (max-width: 598px) 100vw, 598px\" \/><\/figure>\n\n\n\n<p>As interven\u00e7\u00f5es foram realizadas sem qualquer autoriza\u00e7\u00e3o dos \u00f3rg\u00e3os competentes, configurando crime ambiental. Diante dos fatos, as \u00e1reas afetadas, totalizando 4,59 hectares, foram embargadas, e os respons\u00e1veis autuados. As multas aplicadas somam R$ 70 mil.<\/p>\n\n\n\n<p>Os infratores responder\u00e3o judicialmente pelos danos causados ao meio ambiente, em mais uma a\u00e7\u00e3o que refor\u00e7a o compromisso da Pol\u00edcia Ambiental no combate \u00e0 degrada\u00e7\u00e3o das \u00e1reas protegidas.<\/p>\n","protected":false},"excerpt":{"rendered":"<p>A equipe da Pol\u00edcia Militar Ambiental lavrou autos de infra\u00e7\u00e3o e embargou \u00e1reas em duas propriedades rurais localizadas nos munic\u00edpios de In\u00e1cio Martins e Iva\u00ed, ap\u00f3s constatar graves irregularidades ambientais durante vistorias realizadas em resposta a den\u00fancias an\u00f4nimas. Na localidade de Fazenda Velha, em In\u00e1cio Martins, os policiais flagraram a destrui\u00e7\u00e3o de aproximadamente 2 hectares [&hellip;]<\/p>\n","protected":false},"author":2,"featured_media":38142,"comment_status":"open","ping_status":"open","sticky":false,"template":"","format":"standard","meta":{"footnotes":""},"categories":[2],"tags":[172],"class_list":["post-38141","post","type-post","status-publish","format-standard","has-post-thumbnail","hentry","category-policial","tag-featured"],"amp_enabled":true,"_links":{"self":[{"href":"https:\/\/radiostudiow.com.br\/site\/wp-json\/wp\/v2\/posts\/38141","targetHints":{"allow":["GET"]}}],"collection":[{"href":"https:\/\/radiostudiow.com.br\/site\/wp-json\/wp\/v2\/posts"}],"about":[{"href":"https:\/\/radiostudiow.com.br\/site\/wp-json\/wp\/v2\/types\/post"}],"author":[{"embeddable":true,"href":"https:\/\/radiostudiow.com.br\/site\/wp-json\/wp\/v2\/users\/2"}],"replies":[{"embeddable":true,"href":"https:\/\/radiostudiow.com.br\/site\/wp-json\/wp\/v2\/comments?post=38141"}],"version-history":[{"count":1,"href":"https:\/\/radiostudiow.com.br\/site\/wp-json\/wp\/v2\/posts\/38141\/revisions"}],"predecessor-version":[{"id":38145,"href":"https:\/\/radiostudiow.com.br\/site\/wp-json\/wp\/v2\/posts\/38141\/revisions\/38145"}],"wp:featuredmedia":[{"embeddable":true,"href":"https:\/\/radiostudiow.com.br\/site\/wp-json\/wp\/v2\/media\/38142"}],"wp:attachment":[{"href":"https:\/\/radiostudiow.com.br\/site\/wp-json\/wp\/v2\/media?parent=38141"}],"wp:term":[{"taxonomy":"category","embeddable":true,"href":"https:\/\/radiostudiow.com.br\/site\/wp-json\/wp\/v2\/categories?post=38141"},{"taxonomy":"post_tag","embeddable":true,"href":"https:\/\/radiostudiow.com.br\/site\/wp-json\/wp\/v2\/tags?post=38141"}],"curies":[{"name":"wp","href":"https:\/\/api.w.org\/{rel}","templated":true}]}}