{"id":38154,"date":"2025-05-14T19:37:08","date_gmt":"2025-05-14T22:37:08","guid":{"rendered":"https:\/\/radiostudiow.com.br\/site\/?p=38154"},"modified":"2025-05-14T19:37:08","modified_gmt":"2025-05-14T22:37:08","slug":"tragedia-em-sao-mateus-do-sul-filho-confessa-ter-assassinado-e-esquartejado-o-proprio-pai","status":"publish","type":"post","link":"https:\/\/radiostudiow.com.br\/site\/2025\/05\/14\/tragedia-em-sao-mateus-do-sul-filho-confessa-ter-assassinado-e-esquartejado-o-proprio-pai\/","title":{"rendered":"Trag\u00e9dia em S\u00e3o Mateus do Sul; Filho confessa ter assassinado e esquartejado o pr\u00f3prio pai"},"content":{"rendered":"\n<figure class=\"wp-block-image size-full\"><img loading=\"lazy\" decoding=\"async\" width=\"598\" height=\"204\" src=\"https:\/\/radiostudiow.com.br\/site\/wp-content\/uploads\/2025\/04\/BOROX.png\" alt=\"\" class=\"wp-image-37229\" srcset=\"https:\/\/radiostudiow.com.br\/site\/wp-content\/uploads\/2025\/04\/BOROX.png 598w, https:\/\/radiostudiow.com.br\/site\/wp-content\/uploads\/2025\/04\/BOROX-300x102.png 300w\" sizes=\"auto, (max-width: 598px) 100vw, 598px\" \/><\/figure>\n\n\n\n<p class=\"has-text-align-center\"><em>Mat\u00e9ria: Clic Sul News<\/em><\/p>\n\n\n\n<p>As equipes da Pol\u00edcia Civil e per\u00edcia da Pol\u00edcia Cient\u00edfica do Paran\u00e1 estiveram em uma resid\u00eancia na Rua Dona Estef\u00e2nia na cidade de S\u00e3o Mateus do Sul \u00e0s margens da rodovia, para investigar uma resid\u00eancia ap\u00f3s o boletim de ocorr\u00eandia relatando o desaparecimento de um homem nesta quarta-feira (14).<\/p>\n\n\n\n<p><strong>A v\u00edtima identificada como C\u00edcero de Souza Guedes, mais conhecido como \u201cPalha\u00e7o Chumbrega\u201d. CHUMBREGA. EX MORADOR DE RIO CLARO DO SUL<\/strong>.<\/p>\n\n\n\n<p>Na resid\u00eancia de C\u00edcero, os policiais constataram marcas de sangue em diversos pontos da casa e tamb\u00e9m no p\u00e1tio externo. No entanto, n\u00e3o havia ningu\u00e9m na resid\u00eancia. De imediato o Instituto de Criminal\u00edstica de Uni\u00e3o da Vit\u00f3ria foi acionado para realizar uma per\u00edcia detalhada no im\u00f3vel.<\/p>\n\n\n\n<figure class=\"wp-block-image size-full\"><img loading=\"lazy\" decoding=\"async\" width=\"900\" height=\"408\" src=\"https:\/\/radiostudiow.com.br\/site\/wp-content\/uploads\/2025\/03\/SITE-E-TV-1.png\" alt=\"\" class=\"wp-image-35744\" srcset=\"https:\/\/radiostudiow.com.br\/site\/wp-content\/uploads\/2025\/03\/SITE-E-TV-1.png 900w, https:\/\/radiostudiow.com.br\/site\/wp-content\/uploads\/2025\/03\/SITE-E-TV-1-300x136.png 300w, https:\/\/radiostudiow.com.br\/site\/wp-content\/uploads\/2025\/03\/SITE-E-TV-1-768x348.png 768w\" sizes=\"auto, (max-width: 900px) 100vw, 900px\" \/><\/figure>\n\n\n\n<p>No in\u00edcio da noite desta quarta-feira (14), equipes da Pol\u00edcia Civil de S\u00e3o Mateus do Sul localizaram um rapaz suspeito de envolvimento no desaparecimento de um senhor no munic\u00edpio. A abordagem ocorreu na regi\u00e3o da Vila Palmeirinha, onde, durante a conversa com os policiais, o jovem confessou ter tirado a vida do pr\u00f3prio pai.<\/p>\n\n\n\n<p>A partir de um intenso trabalho de investiga\u00e7\u00e3o conduzido pela 3\u00aa Subdivis\u00e3o Policial de S\u00e3o Mateus do Sul, os agentes chegaram at\u00e9 o autor do crime, que, al\u00e9m de confessar o homic\u00eddio, indicou o local onde havia ocultado o corpo da v\u00edtima.<\/p>\n\n\n\n<figure class=\"wp-block-image size-full\"><img loading=\"lazy\" decoding=\"async\" width=\"897\" height=\"204\" src=\"https:\/\/radiostudiow.com.br\/site\/wp-content\/uploads\/2025\/05\/NUTRI-MALLET.png\" alt=\"\" class=\"wp-image-37813\" srcset=\"https:\/\/radiostudiow.com.br\/site\/wp-content\/uploads\/2025\/05\/NUTRI-MALLET.png 897w, https:\/\/radiostudiow.com.br\/site\/wp-content\/uploads\/2025\/05\/NUTRI-MALLET-300x68.png 300w, https:\/\/radiostudiow.com.br\/site\/wp-content\/uploads\/2025\/05\/NUTRI-MALLET-768x175.png 768w\" sizes=\"auto, (max-width: 897px) 100vw, 897px\" \/><\/figure>\n\n\n\n<p>O Corpo de Bombeiros foi acionado e, ap\u00f3s buscas, localizou o tronco do corpo, esquartejado e embalado em um saco, embaixo de uma das pontes situadas entre a entrada do Jardim Santa Cruz e a Ponte do Rio Igua\u00e7u. As equipes continuam no local em dilig\u00eancias para tentar encontrar as demais partes do corpo.<\/p>\n\n\n\n<p>O suspeito est\u00e1 sendo ouvido na delegacia, onde repassa detalhes de como os fatos aconteceram. O Instituto de Criminal\u00edstica e o Instituto M\u00e9dico Legal (IML) de Uni\u00e3o da Vit\u00f3ria foram acionados para realizar a per\u00edcia e recolher o corpo. A Pol\u00edcia Civil segue investigando o caso.<\/p>\n\n\n\n<p>Fonte: Clic Sul News<\/p>\n\n\n\n<figure class=\"wp-block-image size-large\"><img loading=\"lazy\" decoding=\"async\" width=\"821\" height=\"1024\" src=\"https:\/\/radiostudiow.com.br\/site\/wp-content\/uploads\/2025\/05\/497673728_18058958018177800_9212411431069772199_n-821x1024.jpg\" alt=\"\" class=\"wp-image-38157\" srcset=\"https:\/\/radiostudiow.com.br\/site\/wp-content\/uploads\/2025\/05\/497673728_18058958018177800_9212411431069772199_n-821x1024.jpg 821w, https:\/\/radiostudiow.com.br\/site\/wp-content\/uploads\/2025\/05\/497673728_18058958018177800_9212411431069772199_n-241x300.jpg 241w, https:\/\/radiostudiow.com.br\/site\/wp-content\/uploads\/2025\/05\/497673728_18058958018177800_9212411431069772199_n-768x958.jpg 768w, https:\/\/radiostudiow.com.br\/site\/wp-content\/uploads\/2025\/05\/497673728_18058958018177800_9212411431069772199_n-1232x1536.jpg 1232w, https:\/\/radiostudiow.com.br\/site\/wp-content\/uploads\/2025\/05\/497673728_18058958018177800_9212411431069772199_n.jpg 1440w\" sizes=\"auto, (max-width: 821px) 100vw, 821px\" \/><\/figure>\n","protected":false},"excerpt":{"rendered":"<p>Mat\u00e9ria: Clic Sul News As equipes da Pol\u00edcia Civil e per\u00edcia da Pol\u00edcia Cient\u00edfica do Paran\u00e1 estiveram em uma resid\u00eancia na Rua Dona Estef\u00e2nia na cidade de S\u00e3o Mateus do Sul \u00e0s margens da rodovia, para investigar uma resid\u00eancia ap\u00f3s o boletim de ocorr\u00eandia relatando o desaparecimento de um homem nesta quarta-feira (14). A v\u00edtima [&hellip;]<\/p>\n","protected":false},"author":2,"featured_media":38156,"comment_status":"open","ping_status":"open","sticky":false,"template":"","format":"standard","meta":{"footnotes":""},"categories":[2],"tags":[172],"class_list":["post-38154","post","type-post","status-publish","format-standard","has-post-thumbnail","hentry","category-policial","tag-featured"],"amp_enabled":true,"_links":{"self":[{"href":"https:\/\/radiostudiow.com.br\/site\/wp-json\/wp\/v2\/posts\/38154","targetHints":{"allow":["GET"]}}],"collection":[{"href":"https:\/\/radiostudiow.com.br\/site\/wp-json\/wp\/v2\/posts"}],"about":[{"href":"https:\/\/radiostudiow.com.br\/site\/wp-json\/wp\/v2\/types\/post"}],"author":[{"embeddable":true,"href":"https:\/\/radiostudiow.com.br\/site\/wp-json\/wp\/v2\/users\/2"}],"replies":[{"embeddable":true,"href":"https:\/\/radiostudiow.com.br\/site\/wp-json\/wp\/v2\/comments?post=38154"}],"version-history":[{"count":2,"href":"https:\/\/radiostudiow.com.br\/site\/wp-json\/wp\/v2\/posts\/38154\/revisions"}],"predecessor-version":[{"id":38158,"href":"https:\/\/radiostudiow.com.br\/site\/wp-json\/wp\/v2\/posts\/38154\/revisions\/38158"}],"wp:featuredmedia":[{"embeddable":true,"href":"https:\/\/radiostudiow.com.br\/site\/wp-json\/wp\/v2\/media\/38156"}],"wp:attachment":[{"href":"https:\/\/radiostudiow.com.br\/site\/wp-json\/wp\/v2\/media?parent=38154"}],"wp:term":[{"taxonomy":"category","embeddable":true,"href":"https:\/\/radiostudiow.com.br\/site\/wp-json\/wp\/v2\/categories?post=38154"},{"taxonomy":"post_tag","embeddable":true,"href":"https:\/\/radiostudiow.com.br\/site\/wp-json\/wp\/v2\/tags?post=38154"}],"curies":[{"name":"wp","href":"https:\/\/api.w.org\/{rel}","templated":true}]}}