{"id":38160,"date":"2025-05-15T10:27:08","date_gmt":"2025-05-15T13:27:08","guid":{"rendered":"https:\/\/radiostudiow.com.br\/site\/?p=38160"},"modified":"2025-05-15T10:30:41","modified_gmt":"2025-05-15T13:30:41","slug":"buscas-por-partes-de-corpo-de-cicero-de-souza-guedes-continuam-duas-partes-ja-foram-localizadas-em-sao-mateus-do-sul","status":"publish","type":"post","link":"https:\/\/radiostudiow.com.br\/site\/2025\/05\/15\/buscas-por-partes-de-corpo-de-cicero-de-souza-guedes-continuam-duas-partes-ja-foram-localizadas-em-sao-mateus-do-sul\/","title":{"rendered":"Buscas por partes de corpo de C\u00edcero de Souza Guedes continuam. Duas partes j\u00e1 foram localizadas em S\u00e3o Mateus do Sul"},"content":{"rendered":"\n<figure class=\"wp-block-image size-full\"><img loading=\"lazy\" decoding=\"async\" width=\"897\" height=\"204\" src=\"https:\/\/radiostudiow.com.br\/site\/wp-content\/uploads\/2024\/01\/SITE-GRANDE3.png\" alt=\"zaions\" class=\"wp-image-18936\" srcset=\"https:\/\/radiostudiow.com.br\/site\/wp-content\/uploads\/2024\/01\/SITE-GRANDE3.png 897w, https:\/\/radiostudiow.com.br\/site\/wp-content\/uploads\/2024\/01\/SITE-GRANDE3-300x68.png 300w, https:\/\/radiostudiow.com.br\/site\/wp-content\/uploads\/2024\/01\/SITE-GRANDE3-768x175.png 768w\" sizes=\"auto, (max-width: 897px) 100vw, 897px\" \/><\/figure>\n\n\n\n<p>O crime brutal chocou os moradores de S\u00e3o Mateus do Sul nesta quarta-feira (14). <strong>O corpo de C\u00edcero de Souza Guedes, conhecido popularmente como&nbsp;\u201cPalha\u00e7o Chumbrega\u201d, foi encontrado esquartejado.<\/strong><\/p>\n\n\n\n<p>As investiga\u00e7\u00f5es tiveram in\u00edcio logo nas primeiras horas do dia, ap\u00f3s o registro do desaparecimento de C\u00edcero. Equipes da Pol\u00edcia Civil, com o apoio do setor de Criminal\u00edstica e do Corpo de Bombeiros, realizaram dilig\u00eancias que levaram \u00e0 descoberta de parte do corpo \u2014 o tronco \u2014 dentro de um saco pl\u00e1stico, sob uma ponte localizada na BR-476, sentido Vila Palmeirinha.<\/p>\n\n\n\n<p>Durante a manh\u00e3, vest\u00edgios de sangue encontrados na resid\u00eancia da v\u00edtima levantaram suspeitas de que o crime teria ocorrido no local.<strong> O filho de C\u00edcero foi localizado na regi\u00e3o da Vila Palmeirinha e encaminhado para a delegacia e no depoimento,&nbsp;ele confessou ter matado o pai e revelou a localiza\u00e7\u00e3o de outras partes do corpo.<\/strong><\/p>\n\n\n\n<figure class=\"wp-block-image size-full\"><img loading=\"lazy\" decoding=\"async\" width=\"897\" height=\"204\" src=\"https:\/\/radiostudiow.com.br\/site\/wp-content\/uploads\/2025\/05\/NUTRI-MALLET.png\" alt=\"\" class=\"wp-image-37813\" srcset=\"https:\/\/radiostudiow.com.br\/site\/wp-content\/uploads\/2025\/05\/NUTRI-MALLET.png 897w, https:\/\/radiostudiow.com.br\/site\/wp-content\/uploads\/2025\/05\/NUTRI-MALLET-300x68.png 300w, https:\/\/radiostudiow.com.br\/site\/wp-content\/uploads\/2025\/05\/NUTRI-MALLET-768x175.png 768w\" sizes=\"auto, (max-width: 897px) 100vw, 897px\" \/><\/figure>\n\n\n\n<p>Nas primeiras horas da manh\u00e3 desta quinta-feira, 15 de maio, o Corpo de Bombeiros de S\u00e3o Mateus do Sul confirmou que seguem nas buscas dos restos mortais de C\u00edcero de Souza Guedes, encontrado morto na noite de quarta-feira (14).<\/p>\n\n\n\n<blockquote class=\"wp-block-quote is-layout-flow wp-block-quote-is-layout-flow\">\n<p class=\"has-text-align-center\">A Pol\u00edcia Civil ainda n\u00e3o divulgou a motiva\u00e7\u00e3o do crime.<\/p>\n<\/blockquote>\n\n\n\n<p>As buscas pelas partes restantes do corpo continuam, e as autoridades seguem investigando para esclarecer todos os detalhes deste homic\u00eddio de extrema viol\u00eancia.<\/p>\n\n\n\n<figure class=\"wp-block-image size-full\"><img loading=\"lazy\" decoding=\"async\" width=\"608\" height=\"600\" src=\"https:\/\/radiostudiow.com.br\/site\/wp-content\/uploads\/2025\/05\/image-57.png\" alt=\"\" class=\"wp-image-38162\" srcset=\"https:\/\/radiostudiow.com.br\/site\/wp-content\/uploads\/2025\/05\/image-57.png 608w, https:\/\/radiostudiow.com.br\/site\/wp-content\/uploads\/2025\/05\/image-57-300x296.png 300w, https:\/\/radiostudiow.com.br\/site\/wp-content\/uploads\/2025\/05\/image-57-80x80.png 80w\" sizes=\"auto, (max-width: 608px) 100vw, 608px\" \/><\/figure>\n\n\n\n<p><\/p>\n\n\n\n<blockquote class=\"wp-block-quote has-text-align-center is-layout-flow wp-block-quote-is-layout-flow\">\n<p>O filho da v\u00edtima confessou o crime e disse que esquartejou o corpo do pr\u00f3prio pai.<\/p>\n<\/blockquote>\n\n\n\n<p><strong>\u201c<em>O Corpo de Bombeiros foi acionado ontem pela Pol\u00edcia Civil. No primeiro momento entrou como uma retirada do corpo do rio, mas chegando l\u00e1, eles passaram a informa\u00e7\u00e3o de que, na verdade, o suspeito dividiu as partes do corpo da v\u00edtima em tr\u00eas sacos pl\u00e1sticos e jogou no Rio Igua\u00e7u. Ent\u00e3o, ontem \u00e0 noite ainda foram encontrados dois dos tr\u00eas sacos e hoje pela manh\u00e3 j\u00e1 foram iniciadas as buscas em busca do terceiro que ainda n\u00e3o foi encontrado. No local est\u00e3o as equipes realizando as buscas\u201d<\/em>,<\/strong> informou a comandante Mariana Rozentalski.<\/p>\n\n\n\n<figure class=\"wp-block-embed is-type-wp-embed is-provider-studio-w wp-block-embed-studio-w\"><div class=\"wp-block-embed__wrapper\">\n<blockquote class=\"wp-embedded-content\" data-secret=\"KiQFu1MJVu\"><a href=\"https:\/\/radiostudiow.com.br\/site\/2025\/05\/14\/tragedia-em-sao-mateus-do-sul-filho-confessa-ter-assassinado-e-esquartejado-o-proprio-pai\/\">Trag\u00e9dia em S\u00e3o Mateus do Sul; Filho confessa ter assassinado e esquartejado o pr\u00f3prio pai<\/a><\/blockquote><iframe loading=\"lazy\" class=\"wp-embedded-content\" sandbox=\"allow-scripts\" security=\"restricted\" style=\"position: absolute; visibility: hidden;\" title=\"&#8220;Trag\u00e9dia em S\u00e3o Mateus do Sul; Filho confessa ter assassinado e esquartejado o pr\u00f3prio pai&#8221; &#8212; Studio W\" src=\"https:\/\/radiostudiow.com.br\/site\/2025\/05\/14\/tragedia-em-sao-mateus-do-sul-filho-confessa-ter-assassinado-e-esquartejado-o-proprio-pai\/embed\/#?secret=6p8LidMoJW#?secret=KiQFu1MJVu\" data-secret=\"KiQFu1MJVu\" width=\"600\" height=\"338\" frameborder=\"0\" marginwidth=\"0\" marginheight=\"0\" scrolling=\"no\"><\/iframe>\n<\/div><\/figure>\n","protected":false},"excerpt":{"rendered":"<p>O crime brutal chocou os moradores de S\u00e3o Mateus do Sul nesta quarta-feira (14). O corpo de C\u00edcero de Souza Guedes, conhecido popularmente como&nbsp;\u201cPalha\u00e7o Chumbrega\u201d, foi encontrado esquartejado. As investiga\u00e7\u00f5es tiveram in\u00edcio logo nas primeiras horas do dia, ap\u00f3s o registro do desaparecimento de C\u00edcero. Equipes da Pol\u00edcia Civil, com o apoio do setor de [&hellip;]<\/p>\n","protected":false},"author":2,"featured_media":38161,"comment_status":"open","ping_status":"open","sticky":false,"template":"","format":"standard","meta":{"footnotes":""},"categories":[2],"tags":[172],"class_list":["post-38160","post","type-post","status-publish","format-standard","has-post-thumbnail","hentry","category-policial","tag-featured"],"amp_enabled":true,"_links":{"self":[{"href":"https:\/\/radiostudiow.com.br\/site\/wp-json\/wp\/v2\/posts\/38160","targetHints":{"allow":["GET"]}}],"collection":[{"href":"https:\/\/radiostudiow.com.br\/site\/wp-json\/wp\/v2\/posts"}],"about":[{"href":"https:\/\/radiostudiow.com.br\/site\/wp-json\/wp\/v2\/types\/post"}],"author":[{"embeddable":true,"href":"https:\/\/radiostudiow.com.br\/site\/wp-json\/wp\/v2\/users\/2"}],"replies":[{"embeddable":true,"href":"https:\/\/radiostudiow.com.br\/site\/wp-json\/wp\/v2\/comments?post=38160"}],"version-history":[{"count":2,"href":"https:\/\/radiostudiow.com.br\/site\/wp-json\/wp\/v2\/posts\/38160\/revisions"}],"predecessor-version":[{"id":38165,"href":"https:\/\/radiostudiow.com.br\/site\/wp-json\/wp\/v2\/posts\/38160\/revisions\/38165"}],"wp:featuredmedia":[{"embeddable":true,"href":"https:\/\/radiostudiow.com.br\/site\/wp-json\/wp\/v2\/media\/38161"}],"wp:attachment":[{"href":"https:\/\/radiostudiow.com.br\/site\/wp-json\/wp\/v2\/media?parent=38160"}],"wp:term":[{"taxonomy":"category","embeddable":true,"href":"https:\/\/radiostudiow.com.br\/site\/wp-json\/wp\/v2\/categories?post=38160"},{"taxonomy":"post_tag","embeddable":true,"href":"https:\/\/radiostudiow.com.br\/site\/wp-json\/wp\/v2\/tags?post=38160"}],"curies":[{"name":"wp","href":"https:\/\/api.w.org\/{rel}","templated":true}]}}