{"id":38166,"date":"2025-05-15T10:33:51","date_gmt":"2025-05-15T13:33:51","guid":{"rendered":"https:\/\/radiostudiow.com.br\/site\/?p=38166"},"modified":"2025-05-15T17:06:49","modified_gmt":"2025-05-15T20:06:49","slug":"pcpr-e-pmpr-deflagram-operacao-varredura-ii-no-combate-ao-trafico-de-drogas-em-irati","status":"publish","type":"post","link":"https:\/\/radiostudiow.com.br\/site\/2025\/05\/15\/pcpr-e-pmpr-deflagram-operacao-varredura-ii-no-combate-ao-trafico-de-drogas-em-irati\/","title":{"rendered":"PCPR e PMPR deflagram Opera\u00e7\u00e3o Varredura II no combate ao tr\u00e1fico de drogas em Irati"},"content":{"rendered":"\n<figure class=\"wp-block-image size-full\"><img loading=\"lazy\" decoding=\"async\" width=\"598\" height=\"204\" src=\"https:\/\/radiostudiow.com.br\/site\/wp-content\/uploads\/2025\/05\/POLAK.png\" alt=\"\" class=\"wp-image-37847\" srcset=\"https:\/\/radiostudiow.com.br\/site\/wp-content\/uploads\/2025\/05\/POLAK.png 598w, https:\/\/radiostudiow.com.br\/site\/wp-content\/uploads\/2025\/05\/POLAK-300x102.png 300w\" sizes=\"auto, (max-width: 598px) 100vw, 598px\" \/><\/figure>\n\n\n\n<p>A opera\u00e7\u00e3o foi considerada exitosa pois, al\u00e9m da efetiva pris\u00e3o de alguns suspeitos, o material colhido contribuir\u00e1 para o prosseguimento das investiga\u00e7\u00f5es, o que permitir\u00e1 novas a\u00e7\u00f5es por parte das For\u00e7as de Seguran\u00e7a\u201d, afirma o Delegado de Pol\u00edcia da 41\u00aa Delegacia Regional de Pol\u00edcia de Irati.<\/p>\n\n\n\n<p>Na manh\u00e3 desta quarta-feira (14\/05\/2025), a 41\u00aa Delegacia Regional de Pol\u00edcia Civil de Irati deu coordenou juntamente com a 8\u00aa Companhia Independente de Pol\u00edcia Militar de Irati a Opera\u00e7\u00e3o Varredura II, em combate ao tr\u00e1fico de drogas na cidade de Irati.<\/p>\n\n\n\n<p>A opera\u00e7\u00e3o \u00e9 fruto de trabalho investigativo e de intelig\u00eancia com o compartilhamento de informa\u00e7\u00f5es entre ambas as institui\u00e7\u00f5es com o intuito de otimizar o combate \u00e0 criminalidade no munic\u00edpio de Irati.<\/p>\n\n\n\n<p>Reunidas as informa\u00e7\u00f5es pertinentes que apontavam para a pr\u00e1tica do tr\u00e1fico de drogas por indiv\u00edduos residentes na cidade, a Pol\u00edcia Civil representou pelas medidas de busca e apreens\u00e3o e pris\u00e3o preventiva dos suspeitos.<\/p>\n\n\n\n<figure class=\"wp-block-image size-full\"><img loading=\"lazy\" decoding=\"async\" width=\"300\" height=\"180\" src=\"https:\/\/radiostudiow.com.br\/site\/wp-content\/uploads\/2025\/05\/VANE.png\" alt=\"\" class=\"wp-image-38014\"\/><\/figure>\n\n\n\n<p>A opera\u00e7\u00e3o tinha como objeto o cumprimento de oito mandados de busca e apreens\u00e3o e dois mandados de pris\u00e3o preventiva.<\/p>\n\n\n\n<p>Deflagrada a opera\u00e7\u00e3o nesta manh\u00e3, foi dado cumprimento aos mandados de busca e apreens\u00e3o, resultando na apreens\u00e3o de celulares dos suspeitos, cerca de R$19.000,00 em esp\u00e9cie, drogas, al\u00e9m de muni\u00e7\u00e3o de arma de fogo, o que ensejou a pris\u00e3o em flagrante de um dos suspeitos pelo crime de posse ilegal de arma de fogo de uso permitido.<\/p>\n\n\n\n<p>Al\u00e9m disso, as equipes obtiveram \u00eaxito em localizar e prender ambos os suspeitos que tinham contra si mandados de pris\u00e3o, os quais foram entregues ao Departamento de Pol\u00edcia Penal e se encontram \u00e0 disposi\u00e7\u00e3o dos \u00f3rg\u00e3os de persecu\u00e7\u00e3o penal.<\/p>\n\n\n\n<p>A Pol\u00edcia Civil atuou por meio de policiais da 41\u00aa Delegacia Regional de Pol\u00edcia de Irati, da Delegacia de Rebou\u00e7as e do Setor Operacional da 13\u00aa Subdivis\u00e3o Policial de Ponta Grossa, enquanto a Pol\u00edcia Militar atuou por meio de policiais da ROTAM, ROCAM, Patrulha Rural, Radiopatrulha e Ag\u00eancia Local de Intelig\u1ebdncia, totalizando cerca de 50 agentes de seguran\u00e7a p\u00fablica<\/p>\n\n\n\n<p>A PCPR refor\u00e7am o pedido de colabora\u00e7\u00e3o da popula\u00e7\u00e3o com informa\u00e7\u00f5es que auxiliem na preven\u00e7\u00e3o e elucida\u00e7\u00e3o de crimes. As den\u00fancias podem ser realizadas de forma an\u00f4nima pelos n\u00fameros 197 e 181.<\/p>\n\n\n\n<p>Informa\u00e7\u00f5es e Imagem Pol\u00edcia Civil de Irati<br>Colabora\u00e7\u00e3o Rep\u00f3rter Kiko de Oliveira<\/p>\n","protected":false},"excerpt":{"rendered":"<p>A opera\u00e7\u00e3o foi considerada exitosa pois, al\u00e9m da efetiva pris\u00e3o de alguns suspeitos, o material colhido contribuir\u00e1 para o prosseguimento das investiga\u00e7\u00f5es, o que permitir\u00e1 novas a\u00e7\u00f5es por parte das For\u00e7as de Seguran\u00e7a\u201d, afirma o Delegado de Pol\u00edcia da 41\u00aa Delegacia Regional de Pol\u00edcia de Irati. Na manh\u00e3 desta quarta-feira (14\/05\/2025), a 41\u00aa Delegacia Regional [&hellip;]<\/p>\n","protected":false},"author":2,"featured_media":38199,"comment_status":"open","ping_status":"open","sticky":false,"template":"","format":"standard","meta":{"footnotes":""},"categories":[2],"tags":[172],"class_list":["post-38166","post","type-post","status-publish","format-standard","has-post-thumbnail","hentry","category-policial","tag-featured"],"amp_enabled":true,"_links":{"self":[{"href":"https:\/\/radiostudiow.com.br\/site\/wp-json\/wp\/v2\/posts\/38166","targetHints":{"allow":["GET"]}}],"collection":[{"href":"https:\/\/radiostudiow.com.br\/site\/wp-json\/wp\/v2\/posts"}],"about":[{"href":"https:\/\/radiostudiow.com.br\/site\/wp-json\/wp\/v2\/types\/post"}],"author":[{"embeddable":true,"href":"https:\/\/radiostudiow.com.br\/site\/wp-json\/wp\/v2\/users\/2"}],"replies":[{"embeddable":true,"href":"https:\/\/radiostudiow.com.br\/site\/wp-json\/wp\/v2\/comments?post=38166"}],"version-history":[{"count":2,"href":"https:\/\/radiostudiow.com.br\/site\/wp-json\/wp\/v2\/posts\/38166\/revisions"}],"predecessor-version":[{"id":38201,"href":"https:\/\/radiostudiow.com.br\/site\/wp-json\/wp\/v2\/posts\/38166\/revisions\/38201"}],"wp:featuredmedia":[{"embeddable":true,"href":"https:\/\/radiostudiow.com.br\/site\/wp-json\/wp\/v2\/media\/38199"}],"wp:attachment":[{"href":"https:\/\/radiostudiow.com.br\/site\/wp-json\/wp\/v2\/media?parent=38166"}],"wp:term":[{"taxonomy":"category","embeddable":true,"href":"https:\/\/radiostudiow.com.br\/site\/wp-json\/wp\/v2\/categories?post=38166"},{"taxonomy":"post_tag","embeddable":true,"href":"https:\/\/radiostudiow.com.br\/site\/wp-json\/wp\/v2\/tags?post=38166"}],"curies":[{"name":"wp","href":"https:\/\/api.w.org\/{rel}","templated":true}]}}