{"id":38168,"date":"2025-05-15T10:48:33","date_gmt":"2025-05-15T13:48:33","guid":{"rendered":"https:\/\/radiostudiow.com.br\/site\/?p=38168"},"modified":"2025-05-15T10:48:33","modified_gmt":"2025-05-15T13:48:33","slug":"policia-militar-de-uniao-da-vitoria-cumpre-mandados-de-prisao-apos-sessao-de-julgamento-do-tribunal","status":"publish","type":"post","link":"https:\/\/radiostudiow.com.br\/site\/2025\/05\/15\/policia-militar-de-uniao-da-vitoria-cumpre-mandados-de-prisao-apos-sessao-de-julgamento-do-tribunal\/","title":{"rendered":"Pol\u00edcia Militar de Uni\u00e3o da Vit\u00f3ria cumpre mandados de pris\u00e3o ap\u00f3s sess\u00e3o de Julgamento do Tribunal"},"content":{"rendered":"\n<figure class=\"wp-block-image size-full\"><img loading=\"lazy\" decoding=\"async\" width=\"897\" height=\"204\" src=\"https:\/\/radiostudiow.com.br\/site\/wp-content\/uploads\/2025\/02\/SITE-GRANDE7.png\" alt=\"\" class=\"wp-image-33861\" srcset=\"https:\/\/radiostudiow.com.br\/site\/wp-content\/uploads\/2025\/02\/SITE-GRANDE7.png 897w, https:\/\/radiostudiow.com.br\/site\/wp-content\/uploads\/2025\/02\/SITE-GRANDE7-300x68.png 300w, https:\/\/radiostudiow.com.br\/site\/wp-content\/uploads\/2025\/02\/SITE-GRANDE7-768x175.png 768w\" sizes=\"auto, (max-width: 897px) 100vw, 897px\" \/><\/figure>\n\n\n\n<p>A equipe da Pol\u00edcia Militar de Uni\u00e3o da Vit\u00f3ria garante seguran\u00e7a durante julgamento e cumpre mandados de pris\u00e3o na \u00e1rea central da cidade por volta das 20 horas dessa quarta-feira (14).<\/p>\n\n\n\n<p>As for\u00e7as de seguran\u00e7a atuaram de forma ostensiva durante a realiza\u00e7\u00e3o de uma sess\u00e3o de julgamento no tribunal do j\u00fari da comarca de Uni\u00e3o da Vit\u00f3ria\/PR.<\/p>\n\n\n\n<figure class=\"wp-block-image size-full\"><img loading=\"lazy\" decoding=\"async\" width=\"897\" height=\"204\" src=\"https:\/\/radiostudiow.com.br\/site\/wp-content\/uploads\/2025\/03\/image-62.png\" alt=\"\" class=\"wp-image-35859\" srcset=\"https:\/\/radiostudiow.com.br\/site\/wp-content\/uploads\/2025\/03\/image-62.png 897w, https:\/\/radiostudiow.com.br\/site\/wp-content\/uploads\/2025\/03\/image-62-300x68.png 300w, https:\/\/radiostudiow.com.br\/site\/wp-content\/uploads\/2025\/03\/image-62-768x175.png 768w\" sizes=\"auto, (max-width: 897px) 100vw, 897px\" \/><\/figure>\n\n\n\n<p>A presen\u00e7a policial teve como objetivo garantir a ordem e a seguran\u00e7a de todos os envolvidos ao longo dos atos processuais. Ao t\u00e9rmino da sess\u00e3o, por determina\u00e7\u00e3o do ju\u00edzo respons\u00e1vel, foi ordenada a execu\u00e7\u00e3o imediata da pena imposta aos r\u00e9us.<\/p>\n\n\n\n<p>Em cumprimento a dois mandados de pris\u00e3o, os acusados foram detidos ap\u00f3s o encerramento do j\u00fari. Ambos foramencaminhados e entregue ao Departamento Penitenci\u00e1rio do Estado do Paran\u00e1 (Deppen), onde ficar\u00e3o \u00e0disposi\u00e7\u00e3o da Justi\u00e7a.<\/p>\n","protected":false},"excerpt":{"rendered":"<p>A equipe da Pol\u00edcia Militar de Uni\u00e3o da Vit\u00f3ria garante seguran\u00e7a durante julgamento e cumpre mandados de pris\u00e3o na \u00e1rea central da cidade por volta das 20 horas dessa quarta-feira (14). As for\u00e7as de seguran\u00e7a atuaram de forma ostensiva durante a realiza\u00e7\u00e3o de uma sess\u00e3o de julgamento no tribunal do j\u00fari da comarca de Uni\u00e3o [&hellip;]<\/p>\n","protected":false},"author":2,"featured_media":13676,"comment_status":"open","ping_status":"open","sticky":false,"template":"","format":"standard","meta":{"footnotes":""},"categories":[2],"tags":[172],"class_list":["post-38168","post","type-post","status-publish","format-standard","has-post-thumbnail","hentry","category-policial","tag-featured"],"amp_enabled":true,"_links":{"self":[{"href":"https:\/\/radiostudiow.com.br\/site\/wp-json\/wp\/v2\/posts\/38168","targetHints":{"allow":["GET"]}}],"collection":[{"href":"https:\/\/radiostudiow.com.br\/site\/wp-json\/wp\/v2\/posts"}],"about":[{"href":"https:\/\/radiostudiow.com.br\/site\/wp-json\/wp\/v2\/types\/post"}],"author":[{"embeddable":true,"href":"https:\/\/radiostudiow.com.br\/site\/wp-json\/wp\/v2\/users\/2"}],"replies":[{"embeddable":true,"href":"https:\/\/radiostudiow.com.br\/site\/wp-json\/wp\/v2\/comments?post=38168"}],"version-history":[{"count":1,"href":"https:\/\/radiostudiow.com.br\/site\/wp-json\/wp\/v2\/posts\/38168\/revisions"}],"predecessor-version":[{"id":38169,"href":"https:\/\/radiostudiow.com.br\/site\/wp-json\/wp\/v2\/posts\/38168\/revisions\/38169"}],"wp:featuredmedia":[{"embeddable":true,"href":"https:\/\/radiostudiow.com.br\/site\/wp-json\/wp\/v2\/media\/13676"}],"wp:attachment":[{"href":"https:\/\/radiostudiow.com.br\/site\/wp-json\/wp\/v2\/media?parent=38168"}],"wp:term":[{"taxonomy":"category","embeddable":true,"href":"https:\/\/radiostudiow.com.br\/site\/wp-json\/wp\/v2\/categories?post=38168"},{"taxonomy":"post_tag","embeddable":true,"href":"https:\/\/radiostudiow.com.br\/site\/wp-json\/wp\/v2\/tags?post=38168"}],"curies":[{"name":"wp","href":"https:\/\/api.w.org\/{rel}","templated":true}]}}