{"id":38170,"date":"2025-05-15T11:33:45","date_gmt":"2025-05-15T14:33:45","guid":{"rendered":"https:\/\/radiostudiow.com.br\/site\/?p=38170"},"modified":"2025-05-15T11:48:23","modified_gmt":"2025-05-15T14:48:23","slug":"irma-contou-sobre-uma-tentativa-de-golpe-com-pessoas-se-aproveitar-da-situacao-do-desaparecimento-do-seu-irmao-sergio-barboza-em-uniao-da-vitoria","status":"publish","type":"post","link":"https:\/\/radiostudiow.com.br\/site\/2025\/05\/15\/irma-contou-sobre-uma-tentativa-de-golpe-com-pessoas-se-aproveitar-da-situacao-do-desaparecimento-do-seu-irmao-sergio-barboza-em-uniao-da-vitoria\/","title":{"rendered":"Irm\u00e3 registrou tentativa de\u00a0golpe com pessoas se aproveitando do desaparecimento de S\u00e9rgio Barboza em Uni\u00e3o da Vit\u00f3ria"},"content":{"rendered":"\n<figure class=\"wp-block-image size-full\"><img loading=\"lazy\" decoding=\"async\" width=\"897\" height=\"204\" src=\"https:\/\/radiostudiow.com.br\/site\/wp-content\/uploads\/2025\/03\/BARAO-NOVO-NOTICIAS-1.jpg\" alt=\"\" class=\"wp-image-35084\" srcset=\"https:\/\/radiostudiow.com.br\/site\/wp-content\/uploads\/2025\/03\/BARAO-NOVO-NOTICIAS-1.jpg 897w, https:\/\/radiostudiow.com.br\/site\/wp-content\/uploads\/2025\/03\/BARAO-NOVO-NOTICIAS-1-300x68.jpg 300w, https:\/\/radiostudiow.com.br\/site\/wp-content\/uploads\/2025\/03\/BARAO-NOVO-NOTICIAS-1-768x175.jpg 768w\" sizes=\"auto, (max-width: 897px) 100vw, 897px\" \/><\/figure>\n\n\n\n<p>Familiares e amigos seguem em busca de informa\u00e7\u00f5es sobre o paradeiro de&nbsp;S\u00e9rgio Barboza, natural de Campo Largo, desaparecido desde o dia&nbsp;8 de maio. Ele saiu de casa rumo a&nbsp;Uni\u00e3o da Vit\u00f3ria, onde trabalharia em uma obra, mas desde ent\u00e3o n\u00e3o foi mais visto e n\u00e3o fez contato com ningu\u00e9m.<\/p>\n\n\n\n<p>O caso tem gerado&nbsp;preocupa\u00e7\u00e3o crescente, especialmente ap\u00f3s relatos conflitantes e acontecimentos suspeitos envolvendo colegas de quarto e supostas testemunhas.<\/p>\n\n\n\n<p>Segundo a fam\u00edlia, uma testemunha relatou que houve um&nbsp;desentendimento entre os colegas de quarto&nbsp;na noite da quarta-feira (v\u00e9spera do desaparecimento). Desde ent\u00e3o,&nbsp;os relatos dos colegas t\u00eam sido contradit\u00f3rios, o que gera desconfian\u00e7a e dificulta o andamento da investiga\u00e7\u00e3o.<\/p>\n\n\n\n<p>Al\u00e9m disso, a irm\u00e3 de S\u00e9rgio contou que, recentemente, recebeu uma liga\u00e7\u00e3o que se revelou um&nbsp;<strong>golpe<\/strong>, com pessoas tentando se aproveitar da situa\u00e7\u00e3o.<em>&nbsp;<strong>\u201cEstamos longe e a investiga\u00e7\u00e3o est\u00e1 lenta. Infelizmente\u201d<\/strong>,<\/em>&nbsp;desabafou a fam\u00edlia.<\/p>\n\n\n\n<figure class=\"wp-block-image size-full\"><img loading=\"lazy\" decoding=\"async\" width=\"897\" height=\"204\" src=\"https:\/\/radiostudiow.com.br\/site\/wp-content\/uploads\/2025\/01\/SITE-GRANDE3.png\" alt=\"\" class=\"wp-image-32900\" srcset=\"https:\/\/radiostudiow.com.br\/site\/wp-content\/uploads\/2025\/01\/SITE-GRANDE3.png 897w, https:\/\/radiostudiow.com.br\/site\/wp-content\/uploads\/2025\/01\/SITE-GRANDE3-300x68.png 300w, https:\/\/radiostudiow.com.br\/site\/wp-content\/uploads\/2025\/01\/SITE-GRANDE3-768x175.png 768w\" sizes=\"auto, (max-width: 897px) 100vw, 897px\" \/><\/figure>\n\n\n\n<p>Tamb\u00e9m circula um&nbsp;\u00e1udio de um morador da regi\u00e3o, que afirma ter visto S\u00e9rgio no Centro da cidade acompanhado de uma mulher. A informa\u00e7\u00e3o ainda n\u00e3o foi confirmada oficialmente.<\/p>\n\n\n\n<p>O caso est\u00e1 sendo investigado pela&nbsp;Pol\u00edcia Civil de Uni\u00e3o da Vit\u00f3ria, e a colabora\u00e7\u00e3o da popula\u00e7\u00e3o \u00e9 essencial para ajudar nas buscas.<\/p>\n\n\n\n<p>Quem tiver&nbsp;qualquer informa\u00e7\u00e3o&nbsp;que possa contribuir com a investiga\u00e7\u00e3o deve entrar em contato pelos canais abaixo:<\/p>\n\n\n\n<h2 class=\"wp-block-heading\"><strong>Disque Den\u00fancia<\/strong>: 181<br><strong>WhatsApp<\/strong>: (41) 9 9658-2609<\/h2>\n\n\n\n<figure class=\"wp-block-image size-full\"><img decoding=\"async\" src=\"https:\/\/radiostudiow.com.br\/site\/wp-content\/uploads\/2025\/05\/image-59.png\" alt=\"\" class=\"wp-image-38177\"\/><\/figure>\n","protected":false},"excerpt":{"rendered":"<p>Familiares e amigos seguem em busca de informa\u00e7\u00f5es sobre o paradeiro de&nbsp;S\u00e9rgio Barboza, natural de Campo Largo, desaparecido desde o dia&nbsp;8 de maio. Ele saiu de casa rumo a&nbsp;Uni\u00e3o da Vit\u00f3ria, onde trabalharia em uma obra, mas desde ent\u00e3o n\u00e3o foi mais visto e n\u00e3o fez contato com ningu\u00e9m. O caso tem gerado&nbsp;preocupa\u00e7\u00e3o crescente, especialmente [&hellip;]<\/p>\n","protected":false},"author":2,"featured_media":38171,"comment_status":"open","ping_status":"open","sticky":false,"template":"","format":"standard","meta":{"footnotes":""},"categories":[2],"tags":[172],"class_list":["post-38170","post","type-post","status-publish","format-standard","has-post-thumbnail","hentry","category-policial","tag-featured"],"amp_enabled":true,"_links":{"self":[{"href":"https:\/\/radiostudiow.com.br\/site\/wp-json\/wp\/v2\/posts\/38170","targetHints":{"allow":["GET"]}}],"collection":[{"href":"https:\/\/radiostudiow.com.br\/site\/wp-json\/wp\/v2\/posts"}],"about":[{"href":"https:\/\/radiostudiow.com.br\/site\/wp-json\/wp\/v2\/types\/post"}],"author":[{"embeddable":true,"href":"https:\/\/radiostudiow.com.br\/site\/wp-json\/wp\/v2\/users\/2"}],"replies":[{"embeddable":true,"href":"https:\/\/radiostudiow.com.br\/site\/wp-json\/wp\/v2\/comments?post=38170"}],"version-history":[{"count":4,"href":"https:\/\/radiostudiow.com.br\/site\/wp-json\/wp\/v2\/posts\/38170\/revisions"}],"predecessor-version":[{"id":38178,"href":"https:\/\/radiostudiow.com.br\/site\/wp-json\/wp\/v2\/posts\/38170\/revisions\/38178"}],"wp:featuredmedia":[{"embeddable":true,"href":"https:\/\/radiostudiow.com.br\/site\/wp-json\/wp\/v2\/media\/38171"}],"wp:attachment":[{"href":"https:\/\/radiostudiow.com.br\/site\/wp-json\/wp\/v2\/media?parent=38170"}],"wp:term":[{"taxonomy":"category","embeddable":true,"href":"https:\/\/radiostudiow.com.br\/site\/wp-json\/wp\/v2\/categories?post=38170"},{"taxonomy":"post_tag","embeddable":true,"href":"https:\/\/radiostudiow.com.br\/site\/wp-json\/wp\/v2\/tags?post=38170"}],"curies":[{"name":"wp","href":"https:\/\/api.w.org\/{rel}","templated":true}]}}