{"id":38185,"date":"2025-05-15T16:10:45","date_gmt":"2025-05-15T19:10:45","guid":{"rendered":"https:\/\/radiostudiow.com.br\/site\/?p=38185"},"modified":"2025-05-15T16:10:46","modified_gmt":"2025-05-15T19:10:46","slug":"dois-ocupantes-de-moto-ficam-feridos-em-colisao-com-taxi-em-porto-uniao","status":"publish","type":"post","link":"https:\/\/radiostudiow.com.br\/site\/2025\/05\/15\/dois-ocupantes-de-moto-ficam-feridos-em-colisao-com-taxi-em-porto-uniao\/","title":{"rendered":"Dois ocupantes de moto ficam feridos em colis\u00e3o com t\u00e1xi em Porto Uni\u00e3o"},"content":{"rendered":"\n<figure class=\"wp-block-image size-full\"><img loading=\"lazy\" decoding=\"async\" width=\"300\" height=\"180\" src=\"https:\/\/radiostudiow.com.br\/site\/wp-content\/uploads\/2025\/05\/Avenida-BIKE.jpg\" alt=\"\" class=\"wp-image-37992\"\/><\/figure>\n\n\n\n<p>Um acidente envolvendo uma motocicleta e um t\u00e1xi foi registrado nesta quinta-feira, 15 de junho, no bairro Santa Rosa. A colis\u00e3o ocorreu em uma das vias principais da regi\u00e3o e mobilizou equipes de socorro.<\/p>\n\n\n\n<p>Na moto, havia\u00a0dois ocupantes, ambos do sexo masculino, que ficaram feridos. Um deles sofreu\u00a0ferimentos leves, enquanto o outro apresentava\u00a0suspeita de fratura, sendo encaminhado para atendimento m\u00e9dico.<\/p>\n\n\n\n<p>A\u00a0condutora do t\u00e1xi\u00a0n\u00e3o sofreu ferimentos e permaneceu no local durante o atendimento \u00e0s v\u00edtimas. O tr\u00e2nsito ficou parcialmente interrompido at\u00e9 a remo\u00e7\u00e3o dos ve\u00edculos e o socorro \u00e0s v\u00edtimas.<\/p>\n\n\n\n<figure class=\"wp-block-image size-full\"><img loading=\"lazy\" decoding=\"async\" width=\"300\" height=\"180\" src=\"https:\/\/radiostudiow.com.br\/site\/wp-content\/uploads\/2025\/04\/LOU.png\" alt=\"\" class=\"wp-image-37228\"\/><\/figure>\n\n\n\n<figure class=\"wp-block-image size-full\"><img loading=\"lazy\" decoding=\"async\" width=\"450\" height=\"600\" src=\"https:\/\/radiostudiow.com.br\/site\/wp-content\/uploads\/2025\/05\/image-61.png\" alt=\"\" class=\"wp-image-38186\" srcset=\"https:\/\/radiostudiow.com.br\/site\/wp-content\/uploads\/2025\/05\/image-61.png 450w, https:\/\/radiostudiow.com.br\/site\/wp-content\/uploads\/2025\/05\/image-61-225x300.png 225w\" sizes=\"auto, (max-width: 450px) 100vw, 450px\" \/><\/figure>\n","protected":false},"excerpt":{"rendered":"<p>Um acidente envolvendo uma motocicleta e um t\u00e1xi foi registrado nesta quinta-feira, 15 de junho, no bairro Santa Rosa. A colis\u00e3o ocorreu em uma das vias principais da regi\u00e3o e mobilizou equipes de socorro. Na moto, havia\u00a0dois ocupantes, ambos do sexo masculino, que ficaram feridos. Um deles sofreu\u00a0ferimentos leves, enquanto o outro apresentava\u00a0suspeita de fratura, [&hellip;]<\/p>\n","protected":false},"author":2,"featured_media":38187,"comment_status":"open","ping_status":"open","sticky":false,"template":"","format":"standard","meta":{"footnotes":""},"categories":[185],"tags":[172],"class_list":["post-38185","post","type-post","status-publish","format-standard","has-post-thumbnail","hentry","category-regional","tag-featured"],"amp_enabled":true,"_links":{"self":[{"href":"https:\/\/radiostudiow.com.br\/site\/wp-json\/wp\/v2\/posts\/38185","targetHints":{"allow":["GET"]}}],"collection":[{"href":"https:\/\/radiostudiow.com.br\/site\/wp-json\/wp\/v2\/posts"}],"about":[{"href":"https:\/\/radiostudiow.com.br\/site\/wp-json\/wp\/v2\/types\/post"}],"author":[{"embeddable":true,"href":"https:\/\/radiostudiow.com.br\/site\/wp-json\/wp\/v2\/users\/2"}],"replies":[{"embeddable":true,"href":"https:\/\/radiostudiow.com.br\/site\/wp-json\/wp\/v2\/comments?post=38185"}],"version-history":[{"count":2,"href":"https:\/\/radiostudiow.com.br\/site\/wp-json\/wp\/v2\/posts\/38185\/revisions"}],"predecessor-version":[{"id":38191,"href":"https:\/\/radiostudiow.com.br\/site\/wp-json\/wp\/v2\/posts\/38185\/revisions\/38191"}],"wp:featuredmedia":[{"embeddable":true,"href":"https:\/\/radiostudiow.com.br\/site\/wp-json\/wp\/v2\/media\/38187"}],"wp:attachment":[{"href":"https:\/\/radiostudiow.com.br\/site\/wp-json\/wp\/v2\/media?parent=38185"}],"wp:term":[{"taxonomy":"category","embeddable":true,"href":"https:\/\/radiostudiow.com.br\/site\/wp-json\/wp\/v2\/categories?post=38185"},{"taxonomy":"post_tag","embeddable":true,"href":"https:\/\/radiostudiow.com.br\/site\/wp-json\/wp\/v2\/tags?post=38185"}],"curies":[{"name":"wp","href":"https:\/\/api.w.org\/{rel}","templated":true}]}}