{"id":38192,"date":"2025-05-15T16:20:21","date_gmt":"2025-05-15T19:20:21","guid":{"rendered":"https:\/\/radiostudiow.com.br\/site\/?p=38192"},"modified":"2025-05-15T17:08:22","modified_gmt":"2025-05-15T20:08:22","slug":"policia-civil-de-reboucas-instaura-inquerito-policial-para-apurar-irregularidades-no-hospital-de-caridade-dona-darcy-vargas","status":"publish","type":"post","link":"https:\/\/radiostudiow.com.br\/site\/2025\/05\/15\/policia-civil-de-reboucas-instaura-inquerito-policial-para-apurar-irregularidades-no-hospital-de-caridade-dona-darcy-vargas\/","title":{"rendered":"POL\u00cdCIA CIVIL DE REBOU\u00c7AS INSTAURA INQU\u00c9RITO POLICIAL PARA APURAR IRREGULARIDADES NO HOSPITAL DE CARIDADE DONA DARCY VARGAS"},"content":{"rendered":"\n<figure class=\"wp-block-image size-full\"><img loading=\"lazy\" decoding=\"async\" width=\"897\" height=\"204\" src=\"https:\/\/radiostudiow.com.br\/site\/wp-content\/uploads\/2025\/03\/SITE-GRANDE5.png\" alt=\"\" class=\"wp-image-35420\" srcset=\"https:\/\/radiostudiow.com.br\/site\/wp-content\/uploads\/2025\/03\/SITE-GRANDE5.png 897w, https:\/\/radiostudiow.com.br\/site\/wp-content\/uploads\/2025\/03\/SITE-GRANDE5-300x68.png 300w, https:\/\/radiostudiow.com.br\/site\/wp-content\/uploads\/2025\/03\/SITE-GRANDE5-768x175.png 768w\" sizes=\"auto, (max-width: 897px) 100vw, 897px\" \/><\/figure>\n\n\n\n<p class=\"has-text-align-center\"><em>Imagem Rep\u00f3rter Kiko de Oliveira<\/em><\/p>\n\n\n\n<p>A Pol\u00edcia Civil do Paran\u00e1 (PCPR), por meio da Delegacia de Rebou\u00e7as, instaurou inqu\u00e9rito policial para investigar supostas irregularidades administrativas e financeiras praticadas no Hospital de Caridade Dona Darcy Vargas. As investiga\u00e7\u00f5es foram iniciadas ap\u00f3s representantes da nova diretoria do hospital, que assumiu a gest\u00e3o em 2025, apresentarem \u00e0 autoridade policial o resultado de uma auditoria interna.<\/p>\n\n\n\n<p>Segundo os documentos apresentados, foram identificados ind\u00edcios de malversa\u00e7\u00e3o de recursos financeiros que teriam resultado em uma d\u00edvida aproximada de 6 milh\u00f5es de reais para a institui\u00e7\u00e3o. A situa\u00e7\u00e3o teria comprometido gravemente o funcionamento do hospital, ocasionando a falta de insumos b\u00e1sicos necess\u00e1rios para o atendimento adequado da popula\u00e7\u00e3o.<\/p>\n\n\n\n<figure class=\"wp-block-image size-full\"><img loading=\"lazy\" decoding=\"async\" width=\"598\" height=\"204\" src=\"https:\/\/radiostudiow.com.br\/site\/wp-content\/uploads\/2025\/04\/BOROX.png\" alt=\"\" class=\"wp-image-37229\" srcset=\"https:\/\/radiostudiow.com.br\/site\/wp-content\/uploads\/2025\/04\/BOROX.png 598w, https:\/\/radiostudiow.com.br\/site\/wp-content\/uploads\/2025\/04\/BOROX-300x102.png 300w\" sizes=\"auto, (max-width: 598px) 100vw, 598px\" \/><\/figure>\n\n\n\n<p>De acordo com o delegado respons\u00e1vel pelo caso, Thiago Fran\u00e7a Nunes, o inqu\u00e9rito policial encontra-se em fase inicial de investiga\u00e7\u00e3o e, at\u00e9 o momento, n\u00e3o h\u00e1 apontamento de culpados. Todos os eventuais suspeitos ser\u00e3o ouvidos com a garantia plena de seus direitos constitucionais, respeitando-se o devido processo legal.<\/p>\n\n\n\n<p>A Pol\u00edcia Civil informa que conta com o apoio e colabora\u00e7\u00e3o da nova diretoria do Hospital de Caridade Dona Darcy Vargas e da C\u00e2mara de Vereadores de Rebou\u00e7as para o esclarecimento dos fatos.<br>A Pol\u00edcia Civil reafirma o compromisso de servir e proteger e, para isso, conta com o aux\u00edlio da popula\u00e7\u00e3o, que poder\u00e1 entrar em contato pelos n\u00fameros 197 e pelo WhatsApp (42) 3457-1630.<\/p>\n\n\n\n<p><em>Imagem Rep\u00f3rter Kiko de Oliveira<\/em><\/p>\n","protected":false},"excerpt":{"rendered":"<p>Imagem Rep\u00f3rter Kiko de Oliveira A Pol\u00edcia Civil do Paran\u00e1 (PCPR), por meio da Delegacia de Rebou\u00e7as, instaurou inqu\u00e9rito policial para investigar supostas irregularidades administrativas e financeiras praticadas no Hospital de Caridade Dona Darcy Vargas. As investiga\u00e7\u00f5es foram iniciadas ap\u00f3s representantes da nova diretoria do hospital, que assumiu a gest\u00e3o em 2025, apresentarem \u00e0 autoridade [&hellip;]<\/p>\n","protected":false},"author":2,"featured_media":38194,"comment_status":"open","ping_status":"open","sticky":false,"template":"","format":"standard","meta":{"footnotes":""},"categories":[185],"tags":[172],"class_list":["post-38192","post","type-post","status-publish","format-standard","has-post-thumbnail","hentry","category-regional","tag-featured"],"amp_enabled":true,"_links":{"self":[{"href":"https:\/\/radiostudiow.com.br\/site\/wp-json\/wp\/v2\/posts\/38192","targetHints":{"allow":["GET"]}}],"collection":[{"href":"https:\/\/radiostudiow.com.br\/site\/wp-json\/wp\/v2\/posts"}],"about":[{"href":"https:\/\/radiostudiow.com.br\/site\/wp-json\/wp\/v2\/types\/post"}],"author":[{"embeddable":true,"href":"https:\/\/radiostudiow.com.br\/site\/wp-json\/wp\/v2\/users\/2"}],"replies":[{"embeddable":true,"href":"https:\/\/radiostudiow.com.br\/site\/wp-json\/wp\/v2\/comments?post=38192"}],"version-history":[{"count":3,"href":"https:\/\/radiostudiow.com.br\/site\/wp-json\/wp\/v2\/posts\/38192\/revisions"}],"predecessor-version":[{"id":38204,"href":"https:\/\/radiostudiow.com.br\/site\/wp-json\/wp\/v2\/posts\/38192\/revisions\/38204"}],"wp:featuredmedia":[{"embeddable":true,"href":"https:\/\/radiostudiow.com.br\/site\/wp-json\/wp\/v2\/media\/38194"}],"wp:attachment":[{"href":"https:\/\/radiostudiow.com.br\/site\/wp-json\/wp\/v2\/media?parent=38192"}],"wp:term":[{"taxonomy":"category","embeddable":true,"href":"https:\/\/radiostudiow.com.br\/site\/wp-json\/wp\/v2\/categories?post=38192"},{"taxonomy":"post_tag","embeddable":true,"href":"https:\/\/radiostudiow.com.br\/site\/wp-json\/wp\/v2\/tags?post=38192"}],"curies":[{"name":"wp","href":"https:\/\/api.w.org\/{rel}","templated":true}]}}