{"id":38205,"date":"2025-05-15T17:11:28","date_gmt":"2025-05-15T20:11:28","guid":{"rendered":"https:\/\/radiostudiow.com.br\/site\/?p=38205"},"modified":"2025-05-15T17:11:28","modified_gmt":"2025-05-15T20:11:28","slug":"pcpr-apreende-adolescente-condenado-por-ato-analogo-a-homicidio-qualificado-em-ponta-grossa","status":"publish","type":"post","link":"https:\/\/radiostudiow.com.br\/site\/2025\/05\/15\/pcpr-apreende-adolescente-condenado-por-ato-analogo-a-homicidio-qualificado-em-ponta-grossa\/","title":{"rendered":"PCPR APREENDE ADOLESCENTE CONDENADO POR ATO AN\u00c1LOGO A HOMIC\u00cdDIO QUALIFICADO EM PONTA GROSSA"},"content":{"rendered":"\n<figure class=\"wp-block-image size-full\"><img loading=\"lazy\" decoding=\"async\" width=\"598\" height=\"204\" src=\"https:\/\/radiostudiow.com.br\/site\/wp-content\/uploads\/2025\/01\/SITE-MEDIO.png\" alt=\"\" class=\"wp-image-32810\" srcset=\"https:\/\/radiostudiow.com.br\/site\/wp-content\/uploads\/2025\/01\/SITE-MEDIO.png 598w, https:\/\/radiostudiow.com.br\/site\/wp-content\/uploads\/2025\/01\/SITE-MEDIO-300x102.png 300w\" sizes=\"auto, (max-width: 598px) 100vw, 598px\" \/><\/figure>\n\n\n\n<p>A Policia Civil do Paran\u00e1, por interm\u00e9dio da Delegacia de Imbituva, apreendeu na manh\u00e3 do dia 14\/05\/2025, um adolescente condenado pela pr\u00e1tica de ato an\u00e1logo ao crime de homic\u00eddio qualificado ocorrido em 24\/05\/2024 em Iva\u00ed.<\/p>\n\n\n\n<p>Agentes de Pol\u00edcia de Imbituva efetuaram dilig\u00eancias logrando \u00eaxito em localizar o menor no distrito de Piriquitos, munic\u00edpio Ponta Grossa, dando cumprimento ao mandado de busca e apreens\u00e3o expedido pela Vara da Inf\u00e2ncia e Juventude da comarca de Imbituva<\/p>\n\n\n\n<figure class=\"wp-block-image size-full\"><img loading=\"lazy\" decoding=\"async\" width=\"598\" height=\"204\" src=\"https:\/\/radiostudiow.com.br\/site\/wp-content\/uploads\/2025\/01\/SITE-MEDIO7.png\" alt=\"\" class=\"wp-image-32801\" srcset=\"https:\/\/radiostudiow.com.br\/site\/wp-content\/uploads\/2025\/01\/SITE-MEDIO7.png 598w, https:\/\/radiostudiow.com.br\/site\/wp-content\/uploads\/2025\/01\/SITE-MEDIO7-300x102.png 300w\" sizes=\"auto, (max-width: 598px) 100vw, 598px\" \/><\/figure>\n\n\n\n<p>O adolescente foi encaminhado ao Cense de Ponta Grossa onde iniciar\u00e1 o cumprimento da sua interna\u00e7\u00e3o pelo prazo inicial de 06 meses.<\/p>\n\n\n\n<p>DENUNCIAS \u2013 A PCPR solicita a colabora\u00e7\u00e3o da popula\u00e7\u00e3o com informa\u00e7\u00f5es que auxiliem nas investiga\u00e7\u00f5es e localiza\u00e7\u00e3o de foragidos da justi\u00e7a. As denuncias podem ser feitas de forma an\u00f4nima, pelo n\u00fameros 197, da PCPR 181 do Disque-Den\u00fancia ou (42) 3436-1177 diretamente \u00e0 equipe de investiga\u00e7\u00e3o pelo aplicativo WhatsApp.<\/p>\n","protected":false},"excerpt":{"rendered":"<p>A Policia Civil do Paran\u00e1, por interm\u00e9dio da Delegacia de Imbituva, apreendeu na manh\u00e3 do dia 14\/05\/2025, um adolescente condenado pela pr\u00e1tica de ato an\u00e1logo ao crime de homic\u00eddio qualificado ocorrido em 24\/05\/2024 em Iva\u00ed. Agentes de Pol\u00edcia de Imbituva efetuaram dilig\u00eancias logrando \u00eaxito em localizar o menor no distrito de Piriquitos, munic\u00edpio Ponta Grossa, [&hellip;]<\/p>\n","protected":false},"author":2,"featured_media":38206,"comment_status":"open","ping_status":"open","sticky":false,"template":"","format":"standard","meta":{"footnotes":""},"categories":[2],"tags":[172],"class_list":["post-38205","post","type-post","status-publish","format-standard","has-post-thumbnail","hentry","category-policial","tag-featured"],"amp_enabled":true,"_links":{"self":[{"href":"https:\/\/radiostudiow.com.br\/site\/wp-json\/wp\/v2\/posts\/38205","targetHints":{"allow":["GET"]}}],"collection":[{"href":"https:\/\/radiostudiow.com.br\/site\/wp-json\/wp\/v2\/posts"}],"about":[{"href":"https:\/\/radiostudiow.com.br\/site\/wp-json\/wp\/v2\/types\/post"}],"author":[{"embeddable":true,"href":"https:\/\/radiostudiow.com.br\/site\/wp-json\/wp\/v2\/users\/2"}],"replies":[{"embeddable":true,"href":"https:\/\/radiostudiow.com.br\/site\/wp-json\/wp\/v2\/comments?post=38205"}],"version-history":[{"count":1,"href":"https:\/\/radiostudiow.com.br\/site\/wp-json\/wp\/v2\/posts\/38205\/revisions"}],"predecessor-version":[{"id":38207,"href":"https:\/\/radiostudiow.com.br\/site\/wp-json\/wp\/v2\/posts\/38205\/revisions\/38207"}],"wp:featuredmedia":[{"embeddable":true,"href":"https:\/\/radiostudiow.com.br\/site\/wp-json\/wp\/v2\/media\/38206"}],"wp:attachment":[{"href":"https:\/\/radiostudiow.com.br\/site\/wp-json\/wp\/v2\/media?parent=38205"}],"wp:term":[{"taxonomy":"category","embeddable":true,"href":"https:\/\/radiostudiow.com.br\/site\/wp-json\/wp\/v2\/categories?post=38205"},{"taxonomy":"post_tag","embeddable":true,"href":"https:\/\/radiostudiow.com.br\/site\/wp-json\/wp\/v2\/tags?post=38205"}],"curies":[{"name":"wp","href":"https:\/\/api.w.org\/{rel}","templated":true}]}}