{"id":38215,"date":"2025-05-16T09:35:18","date_gmt":"2025-05-16T12:35:18","guid":{"rendered":"https:\/\/radiostudiow.com.br\/site\/?p=38215"},"modified":"2025-05-16T09:35:19","modified_gmt":"2025-05-16T12:35:19","slug":"policia-militar-prende-homem-por-trafico-de-drogas-em-sao-mateus-do-sul","status":"publish","type":"post","link":"https:\/\/radiostudiow.com.br\/site\/2025\/05\/16\/policia-militar-prende-homem-por-trafico-de-drogas-em-sao-mateus-do-sul\/","title":{"rendered":"Pol\u00edcia Militar prende homem por tr\u00e1fico de drogas em S\u00e3o Mateus do Sul"},"content":{"rendered":"\n<figure class=\"wp-block-image size-full\"><img loading=\"lazy\" decoding=\"async\" width=\"598\" height=\"204\" src=\"https:\/\/radiostudiow.com.br\/site\/wp-content\/uploads\/2025\/05\/POLAK.png\" alt=\"\" class=\"wp-image-37847\" srcset=\"https:\/\/radiostudiow.com.br\/site\/wp-content\/uploads\/2025\/05\/POLAK.png 598w, https:\/\/radiostudiow.com.br\/site\/wp-content\/uploads\/2025\/05\/POLAK-300x102.png 300w\" sizes=\"auto, (max-width: 598px) 100vw, 598px\" \/><\/figure>\n\n\n\n<p>A equipe da Pol\u00edcia Militar prendeu um homem pelo crime de tr\u00e1fico de drogas no bairro Vila Amaral, em S\u00e3o Mateus do Sul por volta das 13h40min da tarde desta quinta-feira (15).<\/p>\n\n\n\n<p>A equipe da R\u00e1dio Patrulha Auto (RPA) recebeu uma den\u00fancia an\u00f4nima informando sobre a comercializa\u00e7\u00e3o de entorpecentes em frente a uma resid\u00eancia na regi\u00e3o. Ao chegar ao local indicado, os policiais flagraram o suspeito, que tentou fugir ao perceber a aproxima\u00e7\u00e3o da viatura, mas foi rapidamente abordado.<\/p>\n\n\n\n<figure class=\"wp-block-image size-full\"><img loading=\"lazy\" decoding=\"async\" width=\"897\" height=\"204\" src=\"https:\/\/radiostudiow.com.br\/site\/wp-content\/uploads\/2025\/01\/SITE-GRANDE2.png\" alt=\"\" class=\"wp-image-32805\" srcset=\"https:\/\/radiostudiow.com.br\/site\/wp-content\/uploads\/2025\/01\/SITE-GRANDE2.png 897w, https:\/\/radiostudiow.com.br\/site\/wp-content\/uploads\/2025\/01\/SITE-GRANDE2-300x68.png 300w, https:\/\/radiostudiow.com.br\/site\/wp-content\/uploads\/2025\/01\/SITE-GRANDE2-768x175.png 768w\" sizes=\"auto, (max-width: 897px) 100vw, 897px\" \/><\/figure>\n\n\n\n<p>Durante a revista pessoal e buscas na resid\u00eancia, os policiais encontraram por\u00e7\u00f5es de crack e coca\u00edna com o indiv\u00edduo. No quarto do suspeito, foi localizada uma quantidade maior de crack, caracterizando a pr\u00e1tica de tr\u00e1fico de drogas.<\/p>\n\n\n\n<p>O homem foi detido e encaminhado \u00e0 Delegacia de Pol\u00edcia Civil para os procedimentos legais cab\u00edveis.<\/p>\n\n\n\n<p>A a\u00e7\u00e3o \u00e9 resultado do trabalho cont\u00ednuo da Pol\u00edcia Militar no combate ao tr\u00e1fico de drogas e na promo\u00e7\u00e3o da seguran\u00e7a da comunidade s\u00e3o-mateuense.<\/p>\n\n\n\n<p><a href=\"https:\/\/www.facebook.com\/photo\/?fbid=1092416479590016&amp;set=a.462032622628408&amp;__cft__[0]=AZXbgKYCp3zyYS9i_6CnGkB1W6cN4paqvdshOxOaxGybdPhUd67hPDBo8zlAREntM36uJ7N2Tw5L601900JbrqdeTnGLdP9OuozuJGU2LmlvK1mXlk919zhRypU963TpgpF8MWzrSjt_v4IarhLIy1MGXhpodNfwmM3mJZaTJ6E1eCmodIw3FzAHCx85Ao8cQh1AoyaspX6DojifDiG1DcEd_7Qth08DTYPwS1gax_7oWQ&amp;__tn__=EH-R\"><\/a><\/p>\n","protected":false},"excerpt":{"rendered":"<p>A equipe da Pol\u00edcia Militar prendeu um homem pelo crime de tr\u00e1fico de drogas no bairro Vila Amaral, em S\u00e3o Mateus do Sul por volta das 13h40min da tarde desta quinta-feira (15). A equipe da R\u00e1dio Patrulha Auto (RPA) recebeu uma den\u00fancia an\u00f4nima informando sobre a comercializa\u00e7\u00e3o de entorpecentes em frente a uma resid\u00eancia na [&hellip;]<\/p>\n","protected":false},"author":2,"featured_media":38216,"comment_status":"open","ping_status":"open","sticky":false,"template":"","format":"standard","meta":{"footnotes":""},"categories":[2],"tags":[172],"class_list":["post-38215","post","type-post","status-publish","format-standard","has-post-thumbnail","hentry","category-policial","tag-featured"],"amp_enabled":true,"_links":{"self":[{"href":"https:\/\/radiostudiow.com.br\/site\/wp-json\/wp\/v2\/posts\/38215","targetHints":{"allow":["GET"]}}],"collection":[{"href":"https:\/\/radiostudiow.com.br\/site\/wp-json\/wp\/v2\/posts"}],"about":[{"href":"https:\/\/radiostudiow.com.br\/site\/wp-json\/wp\/v2\/types\/post"}],"author":[{"embeddable":true,"href":"https:\/\/radiostudiow.com.br\/site\/wp-json\/wp\/v2\/users\/2"}],"replies":[{"embeddable":true,"href":"https:\/\/radiostudiow.com.br\/site\/wp-json\/wp\/v2\/comments?post=38215"}],"version-history":[{"count":1,"href":"https:\/\/radiostudiow.com.br\/site\/wp-json\/wp\/v2\/posts\/38215\/revisions"}],"predecessor-version":[{"id":38217,"href":"https:\/\/radiostudiow.com.br\/site\/wp-json\/wp\/v2\/posts\/38215\/revisions\/38217"}],"wp:featuredmedia":[{"embeddable":true,"href":"https:\/\/radiostudiow.com.br\/site\/wp-json\/wp\/v2\/media\/38216"}],"wp:attachment":[{"href":"https:\/\/radiostudiow.com.br\/site\/wp-json\/wp\/v2\/media?parent=38215"}],"wp:term":[{"taxonomy":"category","embeddable":true,"href":"https:\/\/radiostudiow.com.br\/site\/wp-json\/wp\/v2\/categories?post=38215"},{"taxonomy":"post_tag","embeddable":true,"href":"https:\/\/radiostudiow.com.br\/site\/wp-json\/wp\/v2\/tags?post=38215"}],"curies":[{"name":"wp","href":"https:\/\/api.w.org\/{rel}","templated":true}]}}