{"id":38220,"date":"2025-05-16T09:42:06","date_gmt":"2025-05-16T12:42:06","guid":{"rendered":"https:\/\/radiostudiow.com.br\/site\/?p=38220"},"modified":"2025-05-16T15:55:53","modified_gmt":"2025-05-16T18:55:53","slug":"pcpr-prende-homem-em-flagrante-em-imbituva-por-transportar-araucarias-sem-documentacao-de-origem-e-destruicao-de-vegetacao-nativa","status":"publish","type":"post","link":"https:\/\/radiostudiow.com.br\/site\/2025\/05\/16\/pcpr-prende-homem-em-flagrante-em-imbituva-por-transportar-araucarias-sem-documentacao-de-origem-e-destruicao-de-vegetacao-nativa\/","title":{"rendered":"PCPR PRENDE HOMEM EM FLAGRANTE EM IMBITUVA POR TRANSPORTAR ARAUC\u00c1RIAS SEM DOCUMENTA\u00c7\u00c3O DE ORIGEM E DESTRUI\u00c7\u00c3O DE VEGETA\u00c7\u00c3O NATIVA"},"content":{"rendered":"\n<figure class=\"wp-block-image size-full\"><img loading=\"lazy\" decoding=\"async\" width=\"598\" height=\"204\" src=\"https:\/\/radiostudiow.com.br\/site\/wp-content\/uploads\/2025\/05\/BEAZY.jpg.png\" alt=\"\" class=\"wp-image-38197\" srcset=\"https:\/\/radiostudiow.com.br\/site\/wp-content\/uploads\/2025\/05\/BEAZY.jpg.png 598w, https:\/\/radiostudiow.com.br\/site\/wp-content\/uploads\/2025\/05\/BEAZY.jpg-300x102.png 300w\" sizes=\"auto, (max-width: 598px) 100vw, 598px\" \/><\/figure>\n\n\n\n<p>A Policia Civil do Estado do Paran\u00e1, por interm\u00e9dio da Delegacia de Imbituva, prendeu na noite do dia 15\/05\/2025, um homem de 29 anos transportando toras de arauc\u00e1rias sem autoriza\u00e7\u00e3o do \u00f3rg\u00e3o competente.<\/p>\n\n\n\n<p><strong>Os policiais receberam informa\u00e7\u00f5es de que um caminh\u00e3o teria carregado toras de arauc\u00e1ria, esp\u00e9cie amea\u00e7ada de extin\u00e7\u00e3o, nas proximidades da localidade de palmar com destino a uma serraria do parque industrial de Imbituva.<\/strong><\/p>\n\n\n\n<p>Ao ser realizada a abordagem do caminh\u00e3o e solicitada a documenta\u00e7\u00e3o de origem da carga o condutor apresentou documenta\u00e7\u00e3o n\u00e3o condizente com a origem constatada da carga, momento em que foi dada a voz de pris\u00e3o e conduzido para a delegacia de Imbituva onde a Autoridade Policial plantonista ratificou a voz de pris\u00e3o em flagrante arbitrando fian\u00e7a no valor de R$ 15mil, a qual foi paga e o autuado liberado para responder \u00e0 futura a\u00e7\u00e3o penal em liberdade.<\/p>\n\n\n\n<figure class=\"wp-block-image size-full\"><img loading=\"lazy\" decoding=\"async\" width=\"300\" height=\"180\" src=\"https:\/\/radiostudiow.com.br\/site\/wp-content\/uploads\/2025\/05\/VANE.png\" alt=\"\" class=\"wp-image-38014\"\/><\/figure>\n\n\n\n<p>No local da extra\u00e7\u00e3o das \u00e1rvores foi constatada a destrui\u00e7\u00e3o de vegeta\u00e7\u00e3o nativa, sendo apreendidos o caminh\u00e3o e aproximadamente 13 metros c\u00fabicos de toras de arauc\u00e1ria.<\/p>\n\n\n\n<p><em>DENUNCIAS \u2013 A PCPR solicita a colabora\u00e7\u00e3o da popula\u00e7\u00e3o com informa\u00e7\u00f5es que auxiliem na localiza\u00e7\u00e3o de foragidos da justi\u00e7a e elucida\u00e7\u00e3o de crimes. As denuncias podem ser feitas de forma an\u00f4nima, pelo n\u00fameros 197, da PCPR 181 do Disque-Den\u00fancia ou (42) 3436-1177 diretamente \u00e0 equipe de investiga\u00e7\u00e3o via WhatsApp.<\/em><\/p>\n\n\n\n<figure class=\"wp-block-image size-large\"><img loading=\"lazy\" decoding=\"async\" width=\"1024\" height=\"844\" src=\"https:\/\/radiostudiow.com.br\/site\/wp-content\/uploads\/2025\/05\/e40580ab-0941-493c-a9b9-f8d76daa7feb-1024x844.jpeg\" alt=\"\" class=\"wp-image-38222\" srcset=\"https:\/\/radiostudiow.com.br\/site\/wp-content\/uploads\/2025\/05\/e40580ab-0941-493c-a9b9-f8d76daa7feb-1024x844.jpeg 1024w, https:\/\/radiostudiow.com.br\/site\/wp-content\/uploads\/2025\/05\/e40580ab-0941-493c-a9b9-f8d76daa7feb-300x247.jpeg 300w, https:\/\/radiostudiow.com.br\/site\/wp-content\/uploads\/2025\/05\/e40580ab-0941-493c-a9b9-f8d76daa7feb-768x633.jpeg 768w, https:\/\/radiostudiow.com.br\/site\/wp-content\/uploads\/2025\/05\/e40580ab-0941-493c-a9b9-f8d76daa7feb-1536x1266.jpeg 1536w, https:\/\/radiostudiow.com.br\/site\/wp-content\/uploads\/2025\/05\/e40580ab-0941-493c-a9b9-f8d76daa7feb.jpeg 1600w\" sizes=\"auto, (max-width: 1024px) 100vw, 1024px\" \/><\/figure>\n","protected":false},"excerpt":{"rendered":"<p>A Policia Civil do Estado do Paran\u00e1, por interm\u00e9dio da Delegacia de Imbituva, prendeu na noite do dia 15\/05\/2025, um homem de 29 anos transportando toras de arauc\u00e1rias sem autoriza\u00e7\u00e3o do \u00f3rg\u00e3o competente. Os policiais receberam informa\u00e7\u00f5es de que um caminh\u00e3o teria carregado toras de arauc\u00e1ria, esp\u00e9cie amea\u00e7ada de extin\u00e7\u00e3o, nas proximidades da localidade de [&hellip;]<\/p>\n","protected":false},"author":2,"featured_media":38221,"comment_status":"open","ping_status":"open","sticky":false,"template":"","format":"standard","meta":{"footnotes":""},"categories":[2],"tags":[172],"class_list":["post-38220","post","type-post","status-publish","format-standard","has-post-thumbnail","hentry","category-policial","tag-featured"],"amp_enabled":true,"_links":{"self":[{"href":"https:\/\/radiostudiow.com.br\/site\/wp-json\/wp\/v2\/posts\/38220","targetHints":{"allow":["GET"]}}],"collection":[{"href":"https:\/\/radiostudiow.com.br\/site\/wp-json\/wp\/v2\/posts"}],"about":[{"href":"https:\/\/radiostudiow.com.br\/site\/wp-json\/wp\/v2\/types\/post"}],"author":[{"embeddable":true,"href":"https:\/\/radiostudiow.com.br\/site\/wp-json\/wp\/v2\/users\/2"}],"replies":[{"embeddable":true,"href":"https:\/\/radiostudiow.com.br\/site\/wp-json\/wp\/v2\/comments?post=38220"}],"version-history":[{"count":2,"href":"https:\/\/radiostudiow.com.br\/site\/wp-json\/wp\/v2\/posts\/38220\/revisions"}],"predecessor-version":[{"id":38256,"href":"https:\/\/radiostudiow.com.br\/site\/wp-json\/wp\/v2\/posts\/38220\/revisions\/38256"}],"wp:featuredmedia":[{"embeddable":true,"href":"https:\/\/radiostudiow.com.br\/site\/wp-json\/wp\/v2\/media\/38221"}],"wp:attachment":[{"href":"https:\/\/radiostudiow.com.br\/site\/wp-json\/wp\/v2\/media?parent=38220"}],"wp:term":[{"taxonomy":"category","embeddable":true,"href":"https:\/\/radiostudiow.com.br\/site\/wp-json\/wp\/v2\/categories?post=38220"},{"taxonomy":"post_tag","embeddable":true,"href":"https:\/\/radiostudiow.com.br\/site\/wp-json\/wp\/v2\/tags?post=38220"}],"curies":[{"name":"wp","href":"https:\/\/api.w.org\/{rel}","templated":true}]}}