{"id":38224,"date":"2025-05-16T09:45:00","date_gmt":"2025-05-16T12:45:00","guid":{"rendered":"https:\/\/radiostudiow.com.br\/site\/?p=38224"},"modified":"2025-05-16T09:45:00","modified_gmt":"2025-05-16T12:45:00","slug":"prf-apreende-mais-de-10-mil-cigarros-eletronicos-contrabandeados-na-br-277-em-laranjeiras-do-sul-pr","status":"publish","type":"post","link":"https:\/\/radiostudiow.com.br\/site\/2025\/05\/16\/prf-apreende-mais-de-10-mil-cigarros-eletronicos-contrabandeados-na-br-277-em-laranjeiras-do-sul-pr\/","title":{"rendered":"PRF apreende mais de 10 mil cigarros eletr\u00f4nicos contrabandeados na BR-277 em Laranjeiras do Sul (PR)"},"content":{"rendered":"\n<figure class=\"wp-block-image size-full\"><img loading=\"lazy\" decoding=\"async\" width=\"598\" height=\"204\" src=\"https:\/\/radiostudiow.com.br\/site\/wp-content\/uploads\/2025\/04\/BOROX.png\" alt=\"\" class=\"wp-image-37229\" srcset=\"https:\/\/radiostudiow.com.br\/site\/wp-content\/uploads\/2025\/04\/BOROX.png 598w, https:\/\/radiostudiow.com.br\/site\/wp-content\/uploads\/2025\/04\/BOROX-300x102.png 300w\" sizes=\"auto, (max-width: 598px) 100vw, 598px\" \/><\/figure>\n\n\n\n<p>Na madrugada desta sexta-feira (16), por volta da 1h59, a Pol\u00edcia Rodovi\u00e1ria Federal (PRF) apreendeu uma carga de cigarros eletr\u00f4nicos contrabandeados no km 451 da BR-277, no munic\u00edpio de Laranjeiras do Sul (PR).<\/p>\n\n\n\n<p>Durante uma abordagem, os policiais deram ordem de parada ao condutor de um caminh\u00e3o Mercedes-Benz L 1418. O motorista afirmou que transportava potes diversos.<\/p>\n\n\n\n<p>No entanto, ao abrirem o compartimento de carga, foi identificado, al\u00e9m dos potes, utens\u00edlios de cozinha e cadeiras pl\u00e1sticas embaladas, espalhadas pelo compartimento.<\/p>\n\n\n\n<p>Durante fiscaliza\u00e7\u00e3o minuciosa, foram encontradas, escondidas sob as mercadorias declaradas, diversas caixas contendo cigarros eletr\u00f4nicos do tipo POD, importados ilegalmente.<\/p>\n\n\n\n<figure class=\"wp-block-image size-full\"><img loading=\"lazy\" decoding=\"async\" width=\"300\" height=\"180\" src=\"https:\/\/radiostudiow.com.br\/site\/wp-content\/uploads\/2025\/05\/NEO.png\" alt=\"\" class=\"wp-image-37540\"\/><\/figure>\n\n\n\n<p>O condutor informou que transportava um total de 26 caixas, cada uma com 400 unidades, totalizando 10.400 dispositivos eletr\u00f4nicos para fumar (DEF).<\/p>\n\n\n\n<p>Diante dos fatos, a ocorr\u00eancia foi classificada, a princ\u00edpio, como contrabando. O material apreendido e o motorista foram encaminhados \u00e0 Delegacia da Pol\u00edcia Federal em Guarapuava (PR) para os procedimentos legais cab\u00edveis.<\/p>\n\n\n\n<figure class=\"wp-block-image size-large\"><img loading=\"lazy\" decoding=\"async\" width=\"473\" height=\"1024\" src=\"https:\/\/radiostudiow.com.br\/site\/wp-content\/uploads\/2025\/05\/6256ebda-3389-4dac-83c1-c39041cfbcec-473x1024.jpeg\" alt=\"\" class=\"wp-image-38226\" srcset=\"https:\/\/radiostudiow.com.br\/site\/wp-content\/uploads\/2025\/05\/6256ebda-3389-4dac-83c1-c39041cfbcec-473x1024.jpeg 473w, https:\/\/radiostudiow.com.br\/site\/wp-content\/uploads\/2025\/05\/6256ebda-3389-4dac-83c1-c39041cfbcec-139x300.jpeg 139w, https:\/\/radiostudiow.com.br\/site\/wp-content\/uploads\/2025\/05\/6256ebda-3389-4dac-83c1-c39041cfbcec.jpeg 591w\" sizes=\"auto, (max-width: 473px) 100vw, 473px\" \/><\/figure>\n","protected":false},"excerpt":{"rendered":"<p>Na madrugada desta sexta-feira (16), por volta da 1h59, a Pol\u00edcia Rodovi\u00e1ria Federal (PRF) apreendeu uma carga de cigarros eletr\u00f4nicos contrabandeados no km 451 da BR-277, no munic\u00edpio de Laranjeiras do Sul (PR). Durante uma abordagem, os policiais deram ordem de parada ao condutor de um caminh\u00e3o Mercedes-Benz L 1418. O motorista afirmou que transportava [&hellip;]<\/p>\n","protected":false},"author":2,"featured_media":38225,"comment_status":"open","ping_status":"open","sticky":false,"template":"","format":"standard","meta":{"footnotes":""},"categories":[2],"tags":[172],"class_list":["post-38224","post","type-post","status-publish","format-standard","has-post-thumbnail","hentry","category-policial","tag-featured"],"amp_enabled":true,"_links":{"self":[{"href":"https:\/\/radiostudiow.com.br\/site\/wp-json\/wp\/v2\/posts\/38224","targetHints":{"allow":["GET"]}}],"collection":[{"href":"https:\/\/radiostudiow.com.br\/site\/wp-json\/wp\/v2\/posts"}],"about":[{"href":"https:\/\/radiostudiow.com.br\/site\/wp-json\/wp\/v2\/types\/post"}],"author":[{"embeddable":true,"href":"https:\/\/radiostudiow.com.br\/site\/wp-json\/wp\/v2\/users\/2"}],"replies":[{"embeddable":true,"href":"https:\/\/radiostudiow.com.br\/site\/wp-json\/wp\/v2\/comments?post=38224"}],"version-history":[{"count":1,"href":"https:\/\/radiostudiow.com.br\/site\/wp-json\/wp\/v2\/posts\/38224\/revisions"}],"predecessor-version":[{"id":38227,"href":"https:\/\/radiostudiow.com.br\/site\/wp-json\/wp\/v2\/posts\/38224\/revisions\/38227"}],"wp:featuredmedia":[{"embeddable":true,"href":"https:\/\/radiostudiow.com.br\/site\/wp-json\/wp\/v2\/media\/38225"}],"wp:attachment":[{"href":"https:\/\/radiostudiow.com.br\/site\/wp-json\/wp\/v2\/media?parent=38224"}],"wp:term":[{"taxonomy":"category","embeddable":true,"href":"https:\/\/radiostudiow.com.br\/site\/wp-json\/wp\/v2\/categories?post=38224"},{"taxonomy":"post_tag","embeddable":true,"href":"https:\/\/radiostudiow.com.br\/site\/wp-json\/wp\/v2\/tags?post=38224"}],"curies":[{"name":"wp","href":"https:\/\/api.w.org\/{rel}","templated":true}]}}