{"id":38228,"date":"2025-05-16T10:11:51","date_gmt":"2025-05-16T13:11:51","guid":{"rendered":"https:\/\/radiostudiow.com.br\/site\/?p=38228"},"modified":"2025-05-17T12:15:48","modified_gmt":"2025-05-17T15:15:48","slug":"rotam-recupera-veiculo-com-alerta-de-furto-e-homem-e-preso-por-receptacao-em-rio-azul","status":"publish","type":"post","link":"https:\/\/radiostudiow.com.br\/site\/2025\/05\/16\/rotam-recupera-veiculo-com-alerta-de-furto-e-homem-e-preso-por-receptacao-em-rio-azul\/","title":{"rendered":"Rotam recupera ve\u00edculo com alerta de furto e homem \u00e9 preso por recepta\u00e7\u00e3o em Rio Azul"},"content":{"rendered":"\n<figure class=\"wp-block-image size-full\"><img loading=\"lazy\" decoding=\"async\" width=\"300\" height=\"180\" src=\"https:\/\/radiostudiow.com.br\/site\/wp-content\/uploads\/2025\/04\/LOU.png\" alt=\"\" class=\"wp-image-37228\"\/><\/figure>\n\n\n\n<p>A equipe da ROTAM (Rondas Ostensivas T\u00e1ticas Metropolitanas) recuperou um ve\u00edculo com alerta de furto e roubo no centro da cidade de Rio Azul por volta das 11h00min dessa quinta-feira (15).<\/p>\n\n\n\n<p>De acordo com informa\u00e7\u00f5es da Pol\u00edcia Militar, os agentes estavam de posse de dados que indicavam a venda de um autom\u00f3vel pelas redes sociais. Ap\u00f3s verifica\u00e7\u00e3o no sistema SESP Intranet, foi constatado que o ve\u00edculo possu\u00eda registro de furto e roubo. A equipe ent\u00e3o se dirigiu ao local indicado e localizou o carro estacionado em frente a uma resid\u00eancia.<\/p>\n\n\n\n<figure class=\"wp-block-image size-full\"><img loading=\"lazy\" decoding=\"async\" width=\"897\" height=\"204\" src=\"https:\/\/radiostudiow.com.br\/site\/wp-content\/uploads\/2025\/03\/BARAO-NOVO-NOTICIAS-1.jpg\" alt=\"\" class=\"wp-image-35084\" srcset=\"https:\/\/radiostudiow.com.br\/site\/wp-content\/uploads\/2025\/03\/BARAO-NOVO-NOTICIAS-1.jpg 897w, https:\/\/radiostudiow.com.br\/site\/wp-content\/uploads\/2025\/03\/BARAO-NOVO-NOTICIAS-1-300x68.jpg 300w, https:\/\/radiostudiow.com.br\/site\/wp-content\/uploads\/2025\/03\/BARAO-NOVO-NOTICIAS-1-768x175.jpg 768w\" sizes=\"auto, (max-width: 897px) 100vw, 897px\" \/><\/figure>\n\n\n\n<p>No local, os policiais abordaram um homem que afirmou ter adquirido o ve\u00edculo de um terceiro, alegando desconhecer a proced\u00eancia criminosa do bem. Diante dos fatos, foi dada voz de pris\u00e3o ao indiv\u00edduo, que foi encaminhado \u00e0 Delegacia de Pol\u00edcia Civil, junto com o ve\u00edculo recuperado, para as provid\u00eancias cab\u00edveis da pol\u00edcia judici\u00e1ria.<\/p>\n\n\n\n<p>A a\u00e7\u00e3o destaca o trabalho \u00e1gil e eficaz da ROTAM na recupera\u00e7\u00e3o de ve\u00edculos furtados e no combate \u00e0 recepta\u00e7\u00e3o de produtos il\u00edcitos, contribuindo para a seguran\u00e7a da popula\u00e7\u00e3o.<\/p>\n\n\n\n<p><em>Com informa\u00e7\u00f5es da Pol\u00edcia Militar.<\/em><\/p>\n","protected":false},"excerpt":{"rendered":"<p>A equipe da ROTAM (Rondas Ostensivas T\u00e1ticas Metropolitanas) recuperou um ve\u00edculo com alerta de furto e roubo no centro da cidade de Rio Azul por volta das 11h00min dessa quinta-feira (15). De acordo com informa\u00e7\u00f5es da Pol\u00edcia Militar, os agentes estavam de posse de dados que indicavam a venda de um autom\u00f3vel pelas redes sociais. [&hellip;]<\/p>\n","protected":false},"author":2,"featured_media":38299,"comment_status":"open","ping_status":"open","sticky":false,"template":"","format":"standard","meta":{"footnotes":""},"categories":[2],"tags":[172],"class_list":["post-38228","post","type-post","status-publish","format-standard","has-post-thumbnail","hentry","category-policial","tag-featured"],"amp_enabled":true,"_links":{"self":[{"href":"https:\/\/radiostudiow.com.br\/site\/wp-json\/wp\/v2\/posts\/38228","targetHints":{"allow":["GET"]}}],"collection":[{"href":"https:\/\/radiostudiow.com.br\/site\/wp-json\/wp\/v2\/posts"}],"about":[{"href":"https:\/\/radiostudiow.com.br\/site\/wp-json\/wp\/v2\/types\/post"}],"author":[{"embeddable":true,"href":"https:\/\/radiostudiow.com.br\/site\/wp-json\/wp\/v2\/users\/2"}],"replies":[{"embeddable":true,"href":"https:\/\/radiostudiow.com.br\/site\/wp-json\/wp\/v2\/comments?post=38228"}],"version-history":[{"count":3,"href":"https:\/\/radiostudiow.com.br\/site\/wp-json\/wp\/v2\/posts\/38228\/revisions"}],"predecessor-version":[{"id":38300,"href":"https:\/\/radiostudiow.com.br\/site\/wp-json\/wp\/v2\/posts\/38228\/revisions\/38300"}],"wp:featuredmedia":[{"embeddable":true,"href":"https:\/\/radiostudiow.com.br\/site\/wp-json\/wp\/v2\/media\/38299"}],"wp:attachment":[{"href":"https:\/\/radiostudiow.com.br\/site\/wp-json\/wp\/v2\/media?parent=38228"}],"wp:term":[{"taxonomy":"category","embeddable":true,"href":"https:\/\/radiostudiow.com.br\/site\/wp-json\/wp\/v2\/categories?post=38228"},{"taxonomy":"post_tag","embeddable":true,"href":"https:\/\/radiostudiow.com.br\/site\/wp-json\/wp\/v2\/tags?post=38228"}],"curies":[{"name":"wp","href":"https:\/\/api.w.org\/{rel}","templated":true}]}}