{"id":38230,"date":"2025-05-16T10:21:03","date_gmt":"2025-05-16T13:21:03","guid":{"rendered":"https:\/\/radiostudiow.com.br\/site\/?p=38230"},"modified":"2025-05-16T16:15:06","modified_gmt":"2025-05-16T19:15:06","slug":"policia-militar-presta-apoio-para-a-equipe-do-samu-em-rio-azul","status":"publish","type":"post","link":"https:\/\/radiostudiow.com.br\/site\/2025\/05\/16\/policia-militar-presta-apoio-para-a-equipe-do-samu-em-rio-azul\/","title":{"rendered":"Pol\u00edcia Militar presta apoio para a equipe do SAMU em Rio Azul"},"content":{"rendered":"\n<figure class=\"wp-block-image size-large\"><img loading=\"lazy\" decoding=\"async\" width=\"1024\" height=\"143\" src=\"https:\/\/radiostudiow.com.br\/site\/wp-content\/uploads\/2025\/05\/BOMBEIROS-1024x143.png\" alt=\"\" class=\"wp-image-38231\" srcset=\"https:\/\/radiostudiow.com.br\/site\/wp-content\/uploads\/2025\/05\/BOMBEIROS-1024x143.png 1024w, https:\/\/radiostudiow.com.br\/site\/wp-content\/uploads\/2025\/05\/BOMBEIROS-300x42.png 300w, https:\/\/radiostudiow.com.br\/site\/wp-content\/uploads\/2025\/05\/BOMBEIROS-768x108.png 768w, https:\/\/radiostudiow.com.br\/site\/wp-content\/uploads\/2025\/05\/BOMBEIROS-1536x215.png 1536w, https:\/\/radiostudiow.com.br\/site\/wp-content\/uploads\/2025\/05\/BOMBEIROS.png 1920w\" sizes=\"auto, (max-width: 1024px) 100vw, 1024px\" \/><\/figure>\n\n\n\n<p><br>A equipe da Pol\u00edcia Militar de Rio Azul se deslocou em apoio ao SAMU, na Localidade \u00c1gua Quente<br>de Cima para prestar apoio ao SAMU por volta das 11h52min dessa quinta-feira (15).<\/p>\n\n\n\n<p><strong>De acordo com o relat\u00f3rio policial, havia um homem com seu estado mental alterado, e havia apanhado uma faca dizendo que iria tirar a pr\u00f3pria vida.<\/strong><\/p>\n\n\n\n<p>Equipes no local, o paciente j\u00e1 n\u00e3o portava faca nenhuma, e n\u00e3o apresentava agita\u00e7\u00e3o ou agressividade.<\/p>\n\n\n\n<p>Diante disso a equipe SAMU realizou o encaminhamento at\u00e9 o hospital municipal para maiores cuidados m\u00e9dicos.<\/p>\n\n\n\n<figure class=\"wp-block-image size-full\"><img loading=\"lazy\" decoding=\"async\" width=\"775\" height=\"422\" src=\"https:\/\/radiostudiow.com.br\/site\/wp-content\/uploads\/2023\/04\/banner_set_amarelo_suicidio_set2020.jpg\" alt=\"\" class=\"wp-image-12202\" srcset=\"https:\/\/radiostudiow.com.br\/site\/wp-content\/uploads\/2023\/04\/banner_set_amarelo_suicidio_set2020.jpg 775w, https:\/\/radiostudiow.com.br\/site\/wp-content\/uploads\/2023\/04\/banner_set_amarelo_suicidio_set2020-300x163.jpg 300w, https:\/\/radiostudiow.com.br\/site\/wp-content\/uploads\/2023\/04\/banner_set_amarelo_suicidio_set2020-768x418.jpg 768w\" sizes=\"auto, (max-width: 775px) 100vw, 775px\" \/><\/figure>\n","protected":false},"excerpt":{"rendered":"<p>A equipe da Pol\u00edcia Militar de Rio Azul se deslocou em apoio ao SAMU, na Localidade \u00c1gua Quentede Cima para prestar apoio ao SAMU por volta das 11h52min dessa quinta-feira (15). De acordo com o relat\u00f3rio policial, havia um homem com seu estado mental alterado, e havia apanhado uma faca dizendo que iria tirar a [&hellip;]<\/p>\n","protected":false},"author":2,"featured_media":38232,"comment_status":"open","ping_status":"open","sticky":false,"template":"","format":"standard","meta":{"footnotes":""},"categories":[185],"tags":[172],"class_list":["post-38230","post","type-post","status-publish","format-standard","has-post-thumbnail","hentry","category-regional","tag-featured"],"amp_enabled":true,"_links":{"self":[{"href":"https:\/\/radiostudiow.com.br\/site\/wp-json\/wp\/v2\/posts\/38230","targetHints":{"allow":["GET"]}}],"collection":[{"href":"https:\/\/radiostudiow.com.br\/site\/wp-json\/wp\/v2\/posts"}],"about":[{"href":"https:\/\/radiostudiow.com.br\/site\/wp-json\/wp\/v2\/types\/post"}],"author":[{"embeddable":true,"href":"https:\/\/radiostudiow.com.br\/site\/wp-json\/wp\/v2\/users\/2"}],"replies":[{"embeddable":true,"href":"https:\/\/radiostudiow.com.br\/site\/wp-json\/wp\/v2\/comments?post=38230"}],"version-history":[{"count":2,"href":"https:\/\/radiostudiow.com.br\/site\/wp-json\/wp\/v2\/posts\/38230\/revisions"}],"predecessor-version":[{"id":38259,"href":"https:\/\/radiostudiow.com.br\/site\/wp-json\/wp\/v2\/posts\/38230\/revisions\/38259"}],"wp:featuredmedia":[{"embeddable":true,"href":"https:\/\/radiostudiow.com.br\/site\/wp-json\/wp\/v2\/media\/38232"}],"wp:attachment":[{"href":"https:\/\/radiostudiow.com.br\/site\/wp-json\/wp\/v2\/media?parent=38230"}],"wp:term":[{"taxonomy":"category","embeddable":true,"href":"https:\/\/radiostudiow.com.br\/site\/wp-json\/wp\/v2\/categories?post=38230"},{"taxonomy":"post_tag","embeddable":true,"href":"https:\/\/radiostudiow.com.br\/site\/wp-json\/wp\/v2\/tags?post=38230"}],"curies":[{"name":"wp","href":"https:\/\/api.w.org\/{rel}","templated":true}]}}