{"id":38250,"date":"2025-05-16T14:51:09","date_gmt":"2025-05-16T17:51:09","guid":{"rendered":"https:\/\/radiostudiow.com.br\/site\/?p=38250"},"modified":"2025-05-16T14:51:10","modified_gmt":"2025-05-16T17:51:10","slug":"jovem-malletense-esta-entre-as-vitimas-de-grave-acidente-na-br-280-em-canoinhas","status":"publish","type":"post","link":"https:\/\/radiostudiow.com.br\/site\/2025\/05\/16\/jovem-malletense-esta-entre-as-vitimas-de-grave-acidente-na-br-280-em-canoinhas\/","title":{"rendered":"Jovem malletense est\u00e1 entre as v\u00edtimas de grave acidente na BR-280, em Canoinhas"},"content":{"rendered":"\n<p><\/p>\n\n\n\n<figure class=\"wp-block-image size-full\"><img loading=\"lazy\" decoding=\"async\" width=\"897\" height=\"204\" src=\"https:\/\/radiostudiow.com.br\/site\/wp-content\/uploads\/2025\/02\/SITE-GRANDE7.png\" alt=\"\" class=\"wp-image-33861\" srcset=\"https:\/\/radiostudiow.com.br\/site\/wp-content\/uploads\/2025\/02\/SITE-GRANDE7.png 897w, https:\/\/radiostudiow.com.br\/site\/wp-content\/uploads\/2025\/02\/SITE-GRANDE7-300x68.png 300w, https:\/\/radiostudiow.com.br\/site\/wp-content\/uploads\/2025\/02\/SITE-GRANDE7-768x175.png 768w\" sizes=\"auto, (max-width: 897px) 100vw, 897px\" \/><\/figure>\n\n\n\n<p><\/p>\n\n\n\n<h2 class=\"wp-block-heading\">O tr\u00e1gico acidente de tr\u00e2nsito registrado na madrugada desta sexta-feira, 16 de maio, na BR-280, em Canoinhas (SC), tirou a vida de cinco jovens, entre eles o malletense Gabriel Ela\u00e9rcio Lubanski, de apenas 21 anos.<\/h2>\n\n\n\n<figure class=\"wp-block-image size-full\"><img loading=\"lazy\" decoding=\"async\" width=\"1024\" height=\"538\" src=\"https:\/\/radiostudiow.com.br\/site\/wp-content\/uploads\/2025\/05\/CINCO-MORTES-280-CANOINHAS-1605-1024x538-1.jpg\" alt=\"\" class=\"wp-image-38251\" srcset=\"https:\/\/radiostudiow.com.br\/site\/wp-content\/uploads\/2025\/05\/CINCO-MORTES-280-CANOINHAS-1605-1024x538-1.jpg 1024w, https:\/\/radiostudiow.com.br\/site\/wp-content\/uploads\/2025\/05\/CINCO-MORTES-280-CANOINHAS-1605-1024x538-1-300x158.jpg 300w, https:\/\/radiostudiow.com.br\/site\/wp-content\/uploads\/2025\/05\/CINCO-MORTES-280-CANOINHAS-1605-1024x538-1-768x404.jpg 768w\" sizes=\"auto, (max-width: 1024px) 100vw, 1024px\" \/><\/figure>\n\n\n\n<p>  <\/p>\n\n\n\n<p>Al\u00e9m de Gabriel, tamb\u00e9m foram identificadas as v\u00edtimas <strong>Gustavo Aguiar Franco, de 18 anos, natural de S\u00e3o Mateus do Sul, Thiago Vanderlei Bay, Andr\u00e9 Luiz Javorivski Palmiro, de 20 anos, e Jonar Augusto Gerber, de 30 anos.<\/strong><\/p>\n\n\n\n<figure class=\"wp-block-image size-full\"><img loading=\"lazy\" decoding=\"async\" width=\"598\" height=\"204\" src=\"https:\/\/radiostudiow.com.br\/site\/wp-content\/uploads\/2025\/05\/POLAK.png\" alt=\"\" class=\"wp-image-37847\" srcset=\"https:\/\/radiostudiow.com.br\/site\/wp-content\/uploads\/2025\/05\/POLAK.png 598w, https:\/\/radiostudiow.com.br\/site\/wp-content\/uploads\/2025\/05\/POLAK-300x102.png 300w\" sizes=\"auto, (max-width: 598px) 100vw, 598px\" \/><\/figure>\n\n\n\n<p><\/p>\n\n\n\n<p>Eles estavam em um ve\u00edculo Astra, com placas de Porto Uni\u00e3o (SC), que colidiu violentamente contra um caminh\u00e3o gameleira vazio, com placas de Tr\u00eas Barras (SC).<\/p>\n\n\n\n<p>Segundo informa\u00e7\u00f5es das autoridades, o carro teria parado debaixo do caminh\u00e3o, e o impacto foi t\u00e3o intenso que os corpos das v\u00edtimas ficaram presos \u00e0s ferragens. O motorista do caminh\u00e3o n\u00e3o sofreu ferimentos.<\/p>\n\n\n\n<h2 class=\"wp-block-heading\">Gabriel Ela\u00e9rcio Lubanski era natural de Mallet e residia nos \u00faltimos anos na cidade de Uni\u00e3o da Vit\u00f3ria.<\/h2>\n\n\n\n<figure class=\"wp-block-image size-full\"><img loading=\"lazy\" decoding=\"async\" width=\"1024\" height=\"771\" src=\"https:\/\/radiostudiow.com.br\/site\/wp-content\/uploads\/2025\/05\/cc27c0ce-b825-495a-b9d4-0b43eed1874f-1024x771-1.jpeg\" alt=\"\" class=\"wp-image-38252\" srcset=\"https:\/\/radiostudiow.com.br\/site\/wp-content\/uploads\/2025\/05\/cc27c0ce-b825-495a-b9d4-0b43eed1874f-1024x771-1.jpeg 1024w, https:\/\/radiostudiow.com.br\/site\/wp-content\/uploads\/2025\/05\/cc27c0ce-b825-495a-b9d4-0b43eed1874f-1024x771-1-300x226.jpeg 300w, https:\/\/radiostudiow.com.br\/site\/wp-content\/uploads\/2025\/05\/cc27c0ce-b825-495a-b9d4-0b43eed1874f-1024x771-1-768x578.jpeg 768w\" sizes=\"auto, (max-width: 1024px) 100vw, 1024px\" \/><\/figure>\n\n\n\n<p><\/p>\n\n\n\n<p>&nbsp;Equipes do Servi\u00e7o de Atendimento M\u00f3vel de Urg\u00eancia (SAMU) de Irine\u00f3polis e Canoinhas, al\u00e9m dos Bombeiros das duas cidades, foram mobilizadas para atender \u00e0 ocorr\u00eancia. O trecho onde ocorreu o acidente \u00e9 conhecido por ser perigoso \u2014 em 2022, um acidente no mesmo local tamb\u00e9m resultou em cinco mortes.<\/p>\n\n\n\n<figure class=\"wp-block-image size-full\"><img loading=\"lazy\" decoding=\"async\" width=\"897\" height=\"204\" src=\"https:\/\/radiostudiow.com.br\/site\/wp-content\/uploads\/2025\/03\/SITE-GRANDE5.png\" alt=\"\" class=\"wp-image-35420\" srcset=\"https:\/\/radiostudiow.com.br\/site\/wp-content\/uploads\/2025\/03\/SITE-GRANDE5.png 897w, https:\/\/radiostudiow.com.br\/site\/wp-content\/uploads\/2025\/03\/SITE-GRANDE5-300x68.png 300w, https:\/\/radiostudiow.com.br\/site\/wp-content\/uploads\/2025\/03\/SITE-GRANDE5-768x175.png 768w\" sizes=\"auto, (max-width: 897px) 100vw, 897px\" \/><\/figure>\n\n\n\n<p><\/p>\n\n\n\n<p>As causas da colis\u00e3o ainda est\u00e3o sendo investigadas pela Pol\u00edcia Rodovi\u00e1ria Federal (PRF) e demais autoridades competentes.<\/p>\n\n\n\n<blockquote class=\"wp-block-quote is-layout-flow wp-block-quote-is-layout-flow\">\n<p>O Plano Assistencial da PAX CENTER divulgou sobre o ocorrido e em breve trar\u00e1 as informa\u00e7\u00f5es de sua despedida.<\/p>\n<\/blockquote>\n\n\n\n<figure class=\"wp-block-image size-large\"><img loading=\"lazy\" decoding=\"async\" width=\"1024\" height=\"1024\" src=\"https:\/\/radiostudiow.com.br\/site\/wp-content\/uploads\/2025\/05\/6cbad361-dc47-44c3-8984-da7b76e250b1-1024x1024.jpg\" alt=\"\" class=\"wp-image-38253\" srcset=\"https:\/\/radiostudiow.com.br\/site\/wp-content\/uploads\/2025\/05\/6cbad361-dc47-44c3-8984-da7b76e250b1-1024x1024.jpg 1024w, https:\/\/radiostudiow.com.br\/site\/wp-content\/uploads\/2025\/05\/6cbad361-dc47-44c3-8984-da7b76e250b1-300x300.jpg 300w, https:\/\/radiostudiow.com.br\/site\/wp-content\/uploads\/2025\/05\/6cbad361-dc47-44c3-8984-da7b76e250b1-768x768.jpg 768w, https:\/\/radiostudiow.com.br\/site\/wp-content\/uploads\/2025\/05\/6cbad361-dc47-44c3-8984-da7b76e250b1-80x80.jpg 80w, https:\/\/radiostudiow.com.br\/site\/wp-content\/uploads\/2025\/05\/6cbad361-dc47-44c3-8984-da7b76e250b1.jpg 1080w\" sizes=\"auto, (max-width: 1024px) 100vw, 1024px\" \/><\/figure>\n\n\n\n<p><\/p>\n\n\n\n<p><\/p>\n\n\n\n<h2 class=\"wp-block-heading\">Informa\u00e7\u00f5es e fotos: RDX\/Plano Assistencial PAX CENTER<\/h2>\n\n\n\n<p><\/p>\n\n\n\n<figure class=\"wp-block-image size-full\"><img loading=\"lazy\" decoding=\"async\" width=\"300\" height=\"180\" src=\"https:\/\/radiostudiow.com.br\/site\/wp-content\/uploads\/2025\/05\/VANE.png\" alt=\"\" class=\"wp-image-38014\"\/><\/figure>\n","protected":false},"excerpt":{"rendered":"<p>O tr\u00e1gico acidente de tr\u00e2nsito registrado na madrugada desta sexta-feira, 16 de maio, na BR-280, em Canoinhas (SC), tirou a vida de cinco jovens, entre eles o malletense Gabriel Ela\u00e9rcio Lubanski, de apenas 21 anos. Al\u00e9m de Gabriel, tamb\u00e9m foram identificadas as v\u00edtimas Gustavo Aguiar Franco, de 18 anos, natural de S\u00e3o Mateus do Sul, [&hellip;]<\/p>\n","protected":false},"author":2,"featured_media":38254,"comment_status":"open","ping_status":"open","sticky":false,"template":"","format":"standard","meta":{"footnotes":""},"categories":[185],"tags":[172],"class_list":["post-38250","post","type-post","status-publish","format-standard","has-post-thumbnail","hentry","category-regional","tag-featured"],"amp_enabled":true,"_links":{"self":[{"href":"https:\/\/radiostudiow.com.br\/site\/wp-json\/wp\/v2\/posts\/38250","targetHints":{"allow":["GET"]}}],"collection":[{"href":"https:\/\/radiostudiow.com.br\/site\/wp-json\/wp\/v2\/posts"}],"about":[{"href":"https:\/\/radiostudiow.com.br\/site\/wp-json\/wp\/v2\/types\/post"}],"author":[{"embeddable":true,"href":"https:\/\/radiostudiow.com.br\/site\/wp-json\/wp\/v2\/users\/2"}],"replies":[{"embeddable":true,"href":"https:\/\/radiostudiow.com.br\/site\/wp-json\/wp\/v2\/comments?post=38250"}],"version-history":[{"count":2,"href":"https:\/\/radiostudiow.com.br\/site\/wp-json\/wp\/v2\/posts\/38250\/revisions"}],"predecessor-version":[{"id":38263,"href":"https:\/\/radiostudiow.com.br\/site\/wp-json\/wp\/v2\/posts\/38250\/revisions\/38263"}],"wp:featuredmedia":[{"embeddable":true,"href":"https:\/\/radiostudiow.com.br\/site\/wp-json\/wp\/v2\/media\/38254"}],"wp:attachment":[{"href":"https:\/\/radiostudiow.com.br\/site\/wp-json\/wp\/v2\/media?parent=38250"}],"wp:term":[{"taxonomy":"category","embeddable":true,"href":"https:\/\/radiostudiow.com.br\/site\/wp-json\/wp\/v2\/categories?post=38250"},{"taxonomy":"post_tag","embeddable":true,"href":"https:\/\/radiostudiow.com.br\/site\/wp-json\/wp\/v2\/tags?post=38250"}],"curies":[{"name":"wp","href":"https:\/\/api.w.org\/{rel}","templated":true}]}}