{"id":38264,"date":"2025-05-17T09:28:56","date_gmt":"2025-05-17T12:28:56","guid":{"rendered":"https:\/\/radiostudiow.com.br\/site\/?p=38264"},"modified":"2025-05-17T09:33:46","modified_gmt":"2025-05-17T12:33:46","slug":"policia-militar-cumpre-mandado-de-prisao-em-sao-mateus-do-sul","status":"publish","type":"post","link":"https:\/\/radiostudiow.com.br\/site\/2025\/05\/17\/policia-militar-cumpre-mandado-de-prisao-em-sao-mateus-do-sul\/","title":{"rendered":"Pol\u00edcia Militar cumpre mandado de pris\u00e3o em S\u00e3o Mateus do Sul"},"content":{"rendered":"\n<figure class=\"wp-block-image size-full\"><img loading=\"lazy\" decoding=\"async\" width=\"598\" height=\"204\" src=\"https:\/\/radiostudiow.com.br\/site\/wp-content\/uploads\/2025\/04\/BOROX.png\" alt=\"\" class=\"wp-image-37229\" srcset=\"https:\/\/radiostudiow.com.br\/site\/wp-content\/uploads\/2025\/04\/BOROX.png 598w, https:\/\/radiostudiow.com.br\/site\/wp-content\/uploads\/2025\/04\/BOROX-300x102.png 300w\" sizes=\"auto, (max-width: 598px) 100vw, 598px\" \/><\/figure>\n\n\n\n<p>A equipe da Pol\u00edcia Militar cumpriu um mandado de pris\u00e3o em S\u00e3o Mateus do Sul nesta sexta-feira (16).<\/p>\n\n\n\n<p>Durante patrulhamento na localidade de S\u00e3o Miguel da Roseira, a equipe policial localizou um homem com mandado de pris\u00e3o em aberto.<\/p>\n\n\n\n<p>O suspeito foi abordado em frente \u00e0 sua resid\u00eancia, detido e posteriormente encaminhado ao DEPEN para o cumprimento da ordem judicial.<\/p>\n\n\n\n<figure class=\"wp-block-image size-full\"><img loading=\"lazy\" decoding=\"async\" width=\"300\" height=\"180\" src=\"https:\/\/radiostudiow.com.br\/site\/wp-content\/uploads\/2025\/05\/VANE.png\" alt=\"\" class=\"wp-image-38014\"\/><\/figure>\n","protected":false},"excerpt":{"rendered":"<p>A equipe da Pol\u00edcia Militar cumpriu um mandado de pris\u00e3o em S\u00e3o Mateus do Sul nesta sexta-feira (16). Durante patrulhamento na localidade de S\u00e3o Miguel da Roseira, a equipe policial localizou um homem com mandado de pris\u00e3o em aberto. O suspeito foi abordado em frente \u00e0 sua resid\u00eancia, detido e posteriormente encaminhado ao DEPEN para [&hellip;]<\/p>\n","protected":false},"author":2,"featured_media":14798,"comment_status":"open","ping_status":"open","sticky":false,"template":"","format":"standard","meta":{"footnotes":""},"categories":[2],"tags":[172],"class_list":["post-38264","post","type-post","status-publish","format-standard","has-post-thumbnail","hentry","category-policial","tag-featured"],"amp_enabled":true,"_links":{"self":[{"href":"https:\/\/radiostudiow.com.br\/site\/wp-json\/wp\/v2\/posts\/38264","targetHints":{"allow":["GET"]}}],"collection":[{"href":"https:\/\/radiostudiow.com.br\/site\/wp-json\/wp\/v2\/posts"}],"about":[{"href":"https:\/\/radiostudiow.com.br\/site\/wp-json\/wp\/v2\/types\/post"}],"author":[{"embeddable":true,"href":"https:\/\/radiostudiow.com.br\/site\/wp-json\/wp\/v2\/users\/2"}],"replies":[{"embeddable":true,"href":"https:\/\/radiostudiow.com.br\/site\/wp-json\/wp\/v2\/comments?post=38264"}],"version-history":[{"count":2,"href":"https:\/\/radiostudiow.com.br\/site\/wp-json\/wp\/v2\/posts\/38264\/revisions"}],"predecessor-version":[{"id":38268,"href":"https:\/\/radiostudiow.com.br\/site\/wp-json\/wp\/v2\/posts\/38264\/revisions\/38268"}],"wp:featuredmedia":[{"embeddable":true,"href":"https:\/\/radiostudiow.com.br\/site\/wp-json\/wp\/v2\/media\/14798"}],"wp:attachment":[{"href":"https:\/\/radiostudiow.com.br\/site\/wp-json\/wp\/v2\/media?parent=38264"}],"wp:term":[{"taxonomy":"category","embeddable":true,"href":"https:\/\/radiostudiow.com.br\/site\/wp-json\/wp\/v2\/categories?post=38264"},{"taxonomy":"post_tag","embeddable":true,"href":"https:\/\/radiostudiow.com.br\/site\/wp-json\/wp\/v2\/tags?post=38264"}],"curies":[{"name":"wp","href":"https:\/\/api.w.org\/{rel}","templated":true}]}}