{"id":38273,"date":"2025-05-17T09:52:48","date_gmt":"2025-05-17T12:52:48","guid":{"rendered":"https:\/\/radiostudiow.com.br\/site\/?p=38273"},"modified":"2025-05-17T09:52:48","modified_gmt":"2025-05-17T12:52:48","slug":"base-descentralizada-do-samu-e-inaugurada-na-br-476-em-paula-freitas","status":"publish","type":"post","link":"https:\/\/radiostudiow.com.br\/site\/2025\/05\/17\/base-descentralizada-do-samu-e-inaugurada-na-br-476-em-paula-freitas\/","title":{"rendered":"Base descentralizada do SAMU \u00e9 inaugurada na BR-476 em Paula Freitas"},"content":{"rendered":"\n<figure class=\"wp-block-image size-full\"><img loading=\"lazy\" decoding=\"async\" width=\"897\" height=\"204\" src=\"https:\/\/radiostudiow.com.br\/site\/wp-content\/uploads\/2025\/01\/SITE-GRANDE2.png\" alt=\"\" class=\"wp-image-32805\" srcset=\"https:\/\/radiostudiow.com.br\/site\/wp-content\/uploads\/2025\/01\/SITE-GRANDE2.png 897w, https:\/\/radiostudiow.com.br\/site\/wp-content\/uploads\/2025\/01\/SITE-GRANDE2-300x68.png 300w, https:\/\/radiostudiow.com.br\/site\/wp-content\/uploads\/2025\/01\/SITE-GRANDE2-768x175.png 768w\" sizes=\"auto, (max-width: 897px) 100vw, 897px\" \/><\/figure>\n\n\n\n<p>Aconteceu na manha desta quinta-feira (15) a inaugura\u00e7\u00e3o da base descentralizada do SAMU na rodovia BR-476 em Paula Freitas. A cerim\u00f4nia foi marcada por muita satisfa\u00e7\u00e3o, pela import\u00e2ncia da unidade que foi instalada em um local estrat\u00e9gico.<\/p>\n\n\n\n<p>A nova base descentralizada fica localizada na altura do quil\u00f4metro 331 da BR-476, na regi\u00e3o do Carazinho e vai atender principalmente as demandas de Paula Freitas e Paulo Frontin, bem como da rodovia que registra um n\u00famero elevado de acidentes em decorr\u00eancia do estado cr\u00edtico da pista.<\/p>\n\n\n\n<p><em>A prefeita em Exerc\u00edcio de Paula Freitas, Ivone Calgaroto, enfatizou a conquista. <\/em><strong><em>\u201cObrigado de cora\u00e7\u00e3o e parabenizo \u00e0 todos que se envolveram neste projeto. Desejo que a equipe n\u00e3o tenha muito trabalho, mas \u00e0queles que tiverem que tenham muito sucesso nos atendimentos\u201d, desejou.<\/em><\/strong><\/p>\n\n\n\n<figure class=\"wp-block-image size-full\"><img loading=\"lazy\" decoding=\"async\" width=\"500\" height=\"300\" src=\"https:\/\/radiostudiow.com.br\/site\/wp-content\/uploads\/2025\/05\/image-73.png\" alt=\"\" class=\"wp-image-38274\" srcset=\"https:\/\/radiostudiow.com.br\/site\/wp-content\/uploads\/2025\/05\/image-73.png 500w, https:\/\/radiostudiow.com.br\/site\/wp-content\/uploads\/2025\/05\/image-73-300x180.png 300w, https:\/\/radiostudiow.com.br\/site\/wp-content\/uploads\/2025\/05\/image-73-400x240.png 400w\" sizes=\"auto, (max-width: 500px) 100vw, 500px\" \/><\/figure>\n\n\n\n<p><em>A Secret\u00e1ria de Sa\u00fade de Paula Freitas, Maria Rosemeide Kimita, destacou que,<\/em><strong><em> \u201cesse servi\u00e7o \u00e9 essencial para a regi\u00e3o e trabalhamos com dedica\u00e7\u00e3o para torn\u00e1-lo realidade. Agrade\u00e7o \u00e0 todos que contribu\u00edram para esse sonho\u201d.<\/em><\/strong><\/p>\n\n\n\n<p><em>Sebasti\u00e3o Algacir Dalpra, presidente da AMSULPAR considerou o dia especial.<\/em><strong><em> \u201cHoje \u00e9 um dia hist\u00f3rico e de muita alegria. Estamos entregando \u00e0 popula\u00e7\u00e3o esta base do SAMU. \u00c9 uma satisfa\u00e7\u00e3o fazer parte deste momento hist\u00f3rico que \u00e9 uma vit\u00f3ria de todos n\u00f3s\u201d.<\/em><\/strong><\/p>\n\n\n\n<p><em>O prefeito de Paulo Frontin Ireneu Zacharias disse que,<\/em><strong><em> \u201ca regi\u00e3o est\u00e1 sendo beneficiada com essa base que \u00e9 muito importante. \u00c9 mais um importante avan\u00e7o que conquistamos\u201d<\/em><\/strong><em>, avaliou.<\/em><\/p>\n\n\n\n<p><em>O Coordenador da 6\u00aa Regional de Sa\u00fade, Junior Rocha, destacou que a <\/em><strong><em>\u201cbase vai desafogar toda a regional de sa\u00fade. Vai ajudar nos deslocamentos e suprir a necessidade de toda regi\u00e3o. Uma conquista muito esperada\u201d, disse.<\/em><\/strong><\/p>\n\n\n\n<p><em>A prefeita de S\u00e3o Mateus do Sul, Fernanda Sardanha que tamb\u00e9m \u00e9 presidente do CISVALI disse,<\/em><strong><em> \u201co SAMU \u00e9 um servi\u00e7o de alta complexidade e tem acontecido para nossa regi\u00e3o. Um servi\u00e7o regionalizado que \u00e9 fruto de um trabalho em conjunto muito importante\u201d.<\/em><\/strong><\/p>\n\n\n\n<figure class=\"wp-block-image size-full\"><img loading=\"lazy\" decoding=\"async\" width=\"598\" height=\"204\" src=\"https:\/\/radiostudiow.com.br\/site\/wp-content\/uploads\/2025\/01\/SITE-MEDIO3.png\" alt=\"\" class=\"wp-image-32815\" srcset=\"https:\/\/radiostudiow.com.br\/site\/wp-content\/uploads\/2025\/01\/SITE-MEDIO3.png 598w, https:\/\/radiostudiow.com.br\/site\/wp-content\/uploads\/2025\/01\/SITE-MEDIO3-300x102.png 300w\" sizes=\"auto, (max-width: 598px) 100vw, 598px\" \/><\/figure>\n\n\n\n<p><em>O prefeito de Uni\u00e3o da Vit\u00f3ria, Ary Carneiro Junior, que prestigiou a inaugura\u00e7\u00e3o falou que,<strong> \u201cPaula Freitas concretiza mais um passo na vida do SAMU. Um momento \u00edmpar para toda a regi\u00e3o\u201d.<\/strong><\/em><\/p>\n\n\n\n<p><em>O deputado estadual Hussein Bakri foi representada no evento pelo chefe regional do Secid, Nelson Pedroso, o qual destacou as a\u00e7\u00f5es da sa\u00fade na regi\u00e3o. <strong>\u201cAinda h\u00e1 muita entrega para a sa\u00fade. Est\u00e1 programado a inaugura\u00e7\u00e3o do AME, hospitais na regi\u00e3o. A estrutura da sa\u00fade ser\u00e1 revolucionada por meio desse trabalho em conjunto\u201d.<\/strong><\/em><\/p>\n\n\n\n<figure class=\"wp-block-image size-full\"><img loading=\"lazy\" decoding=\"async\" width=\"720\" height=\"541\" src=\"https:\/\/radiostudiow.com.br\/site\/wp-content\/uploads\/2025\/05\/image-74.png\" alt=\"\" class=\"wp-image-38275\" srcset=\"https:\/\/radiostudiow.com.br\/site\/wp-content\/uploads\/2025\/05\/image-74.png 720w, https:\/\/radiostudiow.com.br\/site\/wp-content\/uploads\/2025\/05\/image-74-300x225.png 300w\" sizes=\"auto, (max-width: 720px) 100vw, 720px\" \/><\/figure>\n\n\n\n<p><em>Informa\u00e7\u00f5es<\/em>:<em> Canal 4 TV<\/em><\/p>\n","protected":false},"excerpt":{"rendered":"<p>Aconteceu na manha desta quinta-feira (15) a inaugura\u00e7\u00e3o da base descentralizada do SAMU na rodovia BR-476 em Paula Freitas. A cerim\u00f4nia foi marcada por muita satisfa\u00e7\u00e3o, pela import\u00e2ncia da unidade que foi instalada em um local estrat\u00e9gico. A nova base descentralizada fica localizada na altura do quil\u00f4metro 331 da BR-476, na regi\u00e3o do Carazinho e [&hellip;]<\/p>\n","protected":false},"author":2,"featured_media":38275,"comment_status":"open","ping_status":"open","sticky":false,"template":"","format":"standard","meta":{"footnotes":""},"categories":[185],"tags":[172],"class_list":["post-38273","post","type-post","status-publish","format-standard","has-post-thumbnail","hentry","category-regional","tag-featured"],"amp_enabled":true,"_links":{"self":[{"href":"https:\/\/radiostudiow.com.br\/site\/wp-json\/wp\/v2\/posts\/38273","targetHints":{"allow":["GET"]}}],"collection":[{"href":"https:\/\/radiostudiow.com.br\/site\/wp-json\/wp\/v2\/posts"}],"about":[{"href":"https:\/\/radiostudiow.com.br\/site\/wp-json\/wp\/v2\/types\/post"}],"author":[{"embeddable":true,"href":"https:\/\/radiostudiow.com.br\/site\/wp-json\/wp\/v2\/users\/2"}],"replies":[{"embeddable":true,"href":"https:\/\/radiostudiow.com.br\/site\/wp-json\/wp\/v2\/comments?post=38273"}],"version-history":[{"count":1,"href":"https:\/\/radiostudiow.com.br\/site\/wp-json\/wp\/v2\/posts\/38273\/revisions"}],"predecessor-version":[{"id":38276,"href":"https:\/\/radiostudiow.com.br\/site\/wp-json\/wp\/v2\/posts\/38273\/revisions\/38276"}],"wp:featuredmedia":[{"embeddable":true,"href":"https:\/\/radiostudiow.com.br\/site\/wp-json\/wp\/v2\/media\/38275"}],"wp:attachment":[{"href":"https:\/\/radiostudiow.com.br\/site\/wp-json\/wp\/v2\/media?parent=38273"}],"wp:term":[{"taxonomy":"category","embeddable":true,"href":"https:\/\/radiostudiow.com.br\/site\/wp-json\/wp\/v2\/categories?post=38273"},{"taxonomy":"post_tag","embeddable":true,"href":"https:\/\/radiostudiow.com.br\/site\/wp-json\/wp\/v2\/tags?post=38273"}],"curies":[{"name":"wp","href":"https:\/\/api.w.org\/{rel}","templated":true}]}}