{"id":38277,"date":"2025-05-17T10:10:51","date_gmt":"2025-05-17T13:10:51","guid":{"rendered":"https:\/\/radiostudiow.com.br\/site\/?p=38277"},"modified":"2025-05-17T10:10:52","modified_gmt":"2025-05-17T13:10:52","slug":"colisao-entre-dois-veiculos-deixa-jovem-ferida-no-bairro-cidade-jardim","status":"publish","type":"post","link":"https:\/\/radiostudiow.com.br\/site\/2025\/05\/17\/colisao-entre-dois-veiculos-deixa-jovem-ferida-no-bairro-cidade-jardim\/","title":{"rendered":"Colis\u00e3o entre dois ve\u00edculos deixa jovem ferida no bairro Cidade Jardim"},"content":{"rendered":"\n<figure class=\"wp-block-image size-full\"><img loading=\"lazy\" decoding=\"async\" width=\"300\" height=\"180\" src=\"https:\/\/radiostudiow.com.br\/site\/wp-content\/uploads\/2025\/04\/LOU.png\" alt=\"\" class=\"wp-image-37228\"\/><\/figure>\n\n\n\n<p>Um acidente de tr\u00e2nsito foi registrado por volta das 22h30min desta sexta-feira, 16, no bairro Cidade Jardim, em Porto Uni\u00e3o. A colis\u00e3o ocorreu no cruzamento das ruas Irineu de Ara\u00fajo com Joaquim Jos\u00e9 da Silva Xavier.<\/p>\n\n\n\n<p>O acidente envolveu dois ve\u00edculos: um Fiat P\u00e1lio e um Ford Ecosport, ambos de cor vermelha e com placas do Brasil. Com o impacto, uma jovem que estava como passageira no Fiat P\u00e1lio bateu a cabe\u00e7a no para-brisa e precisou ser encaminhada a uma unidade hospitalar.<\/p>\n\n\n\n<figure class=\"wp-block-image size-full\"><img loading=\"lazy\" decoding=\"async\" width=\"450\" height=\"600\" src=\"https:\/\/radiostudiow.com.br\/site\/wp-content\/uploads\/2025\/05\/image-75.png\" alt=\"\" class=\"wp-image-38278\" srcset=\"https:\/\/radiostudiow.com.br\/site\/wp-content\/uploads\/2025\/05\/image-75.png 450w, https:\/\/radiostudiow.com.br\/site\/wp-content\/uploads\/2025\/05\/image-75-225x300.png 225w\" sizes=\"auto, (max-width: 450px) 100vw, 450px\" \/><figcaption class=\"wp-element-caption\">Fotos: Assis O Rep\u00f3rter<br><\/figcaption><\/figure>\n\n\n\n<figure class=\"wp-block-image size-full\"><img loading=\"lazy\" decoding=\"async\" width=\"598\" height=\"204\" src=\"https:\/\/radiostudiow.com.br\/site\/wp-content\/uploads\/2025\/01\/SITE-MEDIO3.png\" alt=\"\" class=\"wp-image-32815\" srcset=\"https:\/\/radiostudiow.com.br\/site\/wp-content\/uploads\/2025\/01\/SITE-MEDIO3.png 598w, https:\/\/radiostudiow.com.br\/site\/wp-content\/uploads\/2025\/01\/SITE-MEDIO3-300x102.png 300w\" sizes=\"auto, (max-width: 598px) 100vw, 598px\" \/><\/figure>\n\n\n\n<p>O primeiro atendimento \u00e0 v\u00edtima foi prestado por um Bombeiro Comunit\u00e1rio de Porto Uni\u00e3o que, mesmo estando de folga, passava pelo local no momento do acidente e foi essencial no socorro inicial.<\/p>\n\n\n\n<p>Duas viaturas da Pol\u00edcia Militar estiveram na cena para realizar os procedimentos necess\u00e1rios e liberar a pista, que ficou temporariamente interditada por conta da posi\u00e7\u00e3o dos ve\u00edculos.<\/p>\n","protected":false},"excerpt":{"rendered":"<p>Um acidente de tr\u00e2nsito foi registrado por volta das 22h30min desta sexta-feira, 16, no bairro Cidade Jardim, em Porto Uni\u00e3o. A colis\u00e3o ocorreu no cruzamento das ruas Irineu de Ara\u00fajo com Joaquim Jos\u00e9 da Silva Xavier. O acidente envolveu dois ve\u00edculos: um Fiat P\u00e1lio e um Ford Ecosport, ambos de cor vermelha e com placas [&hellip;]<\/p>\n","protected":false},"author":2,"featured_media":38279,"comment_status":"open","ping_status":"open","sticky":false,"template":"","format":"standard","meta":{"footnotes":""},"categories":[2],"tags":[172],"class_list":["post-38277","post","type-post","status-publish","format-standard","has-post-thumbnail","hentry","category-policial","tag-featured"],"amp_enabled":true,"_links":{"self":[{"href":"https:\/\/radiostudiow.com.br\/site\/wp-json\/wp\/v2\/posts\/38277","targetHints":{"allow":["GET"]}}],"collection":[{"href":"https:\/\/radiostudiow.com.br\/site\/wp-json\/wp\/v2\/posts"}],"about":[{"href":"https:\/\/radiostudiow.com.br\/site\/wp-json\/wp\/v2\/types\/post"}],"author":[{"embeddable":true,"href":"https:\/\/radiostudiow.com.br\/site\/wp-json\/wp\/v2\/users\/2"}],"replies":[{"embeddable":true,"href":"https:\/\/radiostudiow.com.br\/site\/wp-json\/wp\/v2\/comments?post=38277"}],"version-history":[{"count":2,"href":"https:\/\/radiostudiow.com.br\/site\/wp-json\/wp\/v2\/posts\/38277\/revisions"}],"predecessor-version":[{"id":38281,"href":"https:\/\/radiostudiow.com.br\/site\/wp-json\/wp\/v2\/posts\/38277\/revisions\/38281"}],"wp:featuredmedia":[{"embeddable":true,"href":"https:\/\/radiostudiow.com.br\/site\/wp-json\/wp\/v2\/media\/38279"}],"wp:attachment":[{"href":"https:\/\/radiostudiow.com.br\/site\/wp-json\/wp\/v2\/media?parent=38277"}],"wp:term":[{"taxonomy":"category","embeddable":true,"href":"https:\/\/radiostudiow.com.br\/site\/wp-json\/wp\/v2\/categories?post=38277"},{"taxonomy":"post_tag","embeddable":true,"href":"https:\/\/radiostudiow.com.br\/site\/wp-json\/wp\/v2\/tags?post=38277"}],"curies":[{"name":"wp","href":"https:\/\/api.w.org\/{rel}","templated":true}]}}