{"id":38284,"date":"2025-05-17T11:34:54","date_gmt":"2025-05-17T14:34:54","guid":{"rendered":"https:\/\/radiostudiow.com.br\/site\/?p=38284"},"modified":"2025-05-17T11:34:55","modified_gmt":"2025-05-17T14:34:55","slug":"caminhao-tomba-na-br-277-em-prudentopolis-e-motorista-sai-ileso","status":"publish","type":"post","link":"https:\/\/radiostudiow.com.br\/site\/2025\/05\/17\/caminhao-tomba-na-br-277-em-prudentopolis-e-motorista-sai-ileso\/","title":{"rendered":"Caminh\u00e3o tomba na BR-277 em Prudent\u00f3polis e motorista sai ileso"},"content":{"rendered":"\n<p><\/p>\n\n\n\n<figure class=\"wp-block-image size-large\"><img loading=\"lazy\" decoding=\"async\" width=\"1024\" height=\"577\" src=\"https:\/\/radiostudiow.com.br\/site\/wp-content\/uploads\/2025\/05\/Extreme-Celulares-1024x577.png\" alt=\"\" class=\"wp-image-37819\" srcset=\"https:\/\/radiostudiow.com.br\/site\/wp-content\/uploads\/2025\/05\/Extreme-Celulares-1024x577.png 1024w, https:\/\/radiostudiow.com.br\/site\/wp-content\/uploads\/2025\/05\/Extreme-Celulares-300x169.png 300w, https:\/\/radiostudiow.com.br\/site\/wp-content\/uploads\/2025\/05\/Extreme-Celulares-768x433.png 768w, https:\/\/radiostudiow.com.br\/site\/wp-content\/uploads\/2025\/05\/Extreme-Celulares.png 1076w\" sizes=\"auto, (max-width: 1024px) 100vw, 1024px\" \/><\/figure>\n\n\n\n<p><\/p>\n\n\n\n<p>Na manh\u00e3 deste s\u00e1bado (17), por volta das 9h, um caminh\u00e3o tombou no km 306 da BR-277, no munic\u00edpio de Prudent\u00f3polis.<\/p>\n\n\n\n<p>O acidente, do tipo tombamento, envolveu um ve\u00edculo de carga, mas n\u00e3o deixou v\u00edtimas.<\/p>\n\n\n\n<h2 class=\"wp-block-heading\">O caminh\u00e3o Scania, de cor branca e placas de Londrina (PR), era conduzido por um homem de 41 anos, que saiu ileso do acidente.<\/h2>\n\n\n\n<p>Segundo a Pol\u00edcia Rodovi\u00e1ria Federal (PRF), o motorista realizou o teste do baf\u00f4metro, que apontou resultado negativo para ingest\u00e3o de \u00e1lcool.<\/p>\n\n\n\n<figure class=\"wp-block-image size-full\"><img loading=\"lazy\" decoding=\"async\" width=\"232\" height=\"279\" src=\"https:\/\/radiostudiow.com.br\/site\/wp-content\/uploads\/2025\/05\/ac.jpg\" alt=\"\" class=\"wp-image-38285\" srcset=\"https:\/\/radiostudiow.com.br\/site\/wp-content\/uploads\/2025\/05\/ac.jpg 232w, https:\/\/radiostudiow.com.br\/site\/wp-content\/uploads\/2025\/05\/ac-150x180.jpg 150w\" sizes=\"auto, (max-width: 232px) 100vw, 232px\" \/><\/figure>\n\n\n\n<p><\/p>\n\n\n\n<figure class=\"wp-block-image size-full\"><img loading=\"lazy\" decoding=\"async\" width=\"300\" height=\"180\" src=\"https:\/\/radiostudiow.com.br\/site\/wp-content\/uploads\/2025\/05\/gifpequeno.gif\" alt=\"\" class=\"wp-image-38198\"\/><\/figure>\n\n\n\n<p><\/p>\n\n\n\n<p><strong>Inicialmente, houve interdi\u00e7\u00e3o total da rodovia para atendimento da ocorr\u00eancia. Por volta das 10h, o fluxo foi parcialmente liberado com a implanta\u00e7\u00e3o do sistema Pare e Siga.<\/strong><\/p>\n\n\n\n<p>A PRF informou que ser\u00e1 necess\u00e1ria nova interdi\u00e7\u00e3o total da via para a remo\u00e7\u00e3o do caminh\u00e3o, assim que o guincho pesado chegar ao local.<\/p>\n\n\n\n<p>Equipes seguem monitorando o tr\u00e2nsito e orientando os motoristas. A recomenda\u00e7\u00e3o \u00e9 que os condutores redobrem a aten\u00e7\u00e3o ao trafegar pela regi\u00e3o.<\/p>\n\n\n\n<h2 class=\"wp-block-heading\">Informa\u00e7\u00f5es: Rep\u00f3rter Kiko de Oliveira<\/h2>\n\n\n\n<p><\/p>\n","protected":false},"excerpt":{"rendered":"<p>Na manh\u00e3 deste s\u00e1bado (17), por volta das 9h, um caminh\u00e3o tombou no km 306 da BR-277, no munic\u00edpio de Prudent\u00f3polis. O acidente, do tipo tombamento, envolveu um ve\u00edculo de carga, mas n\u00e3o deixou v\u00edtimas. O caminh\u00e3o Scania, de cor branca e placas de Londrina (PR), era conduzido por um homem de 41 anos, que [&hellip;]<\/p>\n","protected":false},"author":2,"featured_media":38286,"comment_status":"open","ping_status":"open","sticky":false,"template":"","format":"standard","meta":{"footnotes":""},"categories":[185],"tags":[172],"class_list":["post-38284","post","type-post","status-publish","format-standard","has-post-thumbnail","hentry","category-regional","tag-featured"],"amp_enabled":true,"_links":{"self":[{"href":"https:\/\/radiostudiow.com.br\/site\/wp-json\/wp\/v2\/posts\/38284","targetHints":{"allow":["GET"]}}],"collection":[{"href":"https:\/\/radiostudiow.com.br\/site\/wp-json\/wp\/v2\/posts"}],"about":[{"href":"https:\/\/radiostudiow.com.br\/site\/wp-json\/wp\/v2\/types\/post"}],"author":[{"embeddable":true,"href":"https:\/\/radiostudiow.com.br\/site\/wp-json\/wp\/v2\/users\/2"}],"replies":[{"embeddable":true,"href":"https:\/\/radiostudiow.com.br\/site\/wp-json\/wp\/v2\/comments?post=38284"}],"version-history":[{"count":1,"href":"https:\/\/radiostudiow.com.br\/site\/wp-json\/wp\/v2\/posts\/38284\/revisions"}],"predecessor-version":[{"id":38287,"href":"https:\/\/radiostudiow.com.br\/site\/wp-json\/wp\/v2\/posts\/38284\/revisions\/38287"}],"wp:featuredmedia":[{"embeddable":true,"href":"https:\/\/radiostudiow.com.br\/site\/wp-json\/wp\/v2\/media\/38286"}],"wp:attachment":[{"href":"https:\/\/radiostudiow.com.br\/site\/wp-json\/wp\/v2\/media?parent=38284"}],"wp:term":[{"taxonomy":"category","embeddable":true,"href":"https:\/\/radiostudiow.com.br\/site\/wp-json\/wp\/v2\/categories?post=38284"},{"taxonomy":"post_tag","embeddable":true,"href":"https:\/\/radiostudiow.com.br\/site\/wp-json\/wp\/v2\/tags?post=38284"}],"curies":[{"name":"wp","href":"https:\/\/api.w.org\/{rel}","templated":true}]}}