{"id":38288,"date":"2025-05-17T11:56:52","date_gmt":"2025-05-17T14:56:52","guid":{"rendered":"https:\/\/radiostudiow.com.br\/site\/?p=38288"},"modified":"2025-05-17T11:56:53","modified_gmt":"2025-05-17T14:56:53","slug":"homem-e-preso-por-embriaguez-ao-volante-em-mallet-veiculo-foi-apreendido","status":"publish","type":"post","link":"https:\/\/radiostudiow.com.br\/site\/2025\/05\/17\/homem-e-preso-por-embriaguez-ao-volante-em-mallet-veiculo-foi-apreendido\/","title":{"rendered":"Homem \u00e9 preso por embriaguez ao volante em Mallet; ve\u00edculo foi apreendido"},"content":{"rendered":"\n<p><\/p>\n\n\n\n<figure class=\"wp-block-image size-full\"><img loading=\"lazy\" decoding=\"async\" width=\"598\" height=\"204\" src=\"https:\/\/radiostudiow.com.br\/site\/wp-content\/uploads\/2025\/05\/POLAK.png\" alt=\"\" class=\"wp-image-37847\" srcset=\"https:\/\/radiostudiow.com.br\/site\/wp-content\/uploads\/2025\/05\/POLAK.png 598w, https:\/\/radiostudiow.com.br\/site\/wp-content\/uploads\/2025\/05\/POLAK-300x102.png 300w\" sizes=\"auto, (max-width: 598px) 100vw, 598px\" \/><\/figure>\n\n\n\n<p><\/p>\n\n\n\n<h2 class=\"wp-block-heading\"><strong>Al\u00e9m da embriaguez, o homem n\u00e3o possu\u00eda carteira de habilita\u00e7\u00e3o e o ve\u00edculo apresentava d\u00e9bitos junto ao Detran<\/strong><\/h2>\n\n\n\n<p><\/p>\n\n\n\n<p>Um homem foi preso por embriaguez ao volante no in\u00edcio da noite desta sexta-feira (16), por volta das 18h45, na \u00e1rea central aqui da cidade de Mallet (PR).<\/p>\n\n\n\n<p>A abordagem foi realizada pela equipe da Patrulha Rural da Pol\u00edcia Militar, durante patrulhamento de rotina na Avenida Bar\u00e3o do Rio Branco, nas proximidades de um posto de combust\u00edvel.<\/p>\n\n\n\n<p><\/p>\n\n\n\n<h2 class=\"wp-block-heading\">Segundo os Policiais Militares, o condutor do ve\u00edculo <strong>Fiat Uno<\/strong> foi abordado ap\u00f3s ser flagrado trafegando com os far\u00f3is apagados.<\/h2>\n\n\n\n<p><\/p>\n\n\n\n<p>Durante a fiscaliza\u00e7\u00e3o, os policiais identificaram sinais claros de embriaguez, como olhos avermelhados e odor et\u00edlico.<\/p>\n\n\n\n<p>Ao ser submetido ao teste do etil\u00f4metro, o resultado apontou <strong>0,52 mg\/L de \u00e1lcool no ar alveolar<\/strong>, valor que configura crime de tr\u00e2nsito conforme o C\u00f3digo de Tr\u00e2nsito Brasileiro.<\/p>\n\n\n\n<figure class=\"wp-block-image size-full\"><img loading=\"lazy\" decoding=\"async\" width=\"300\" height=\"180\" src=\"https:\/\/radiostudiow.com.br\/site\/wp-content\/uploads\/2025\/05\/VANE.png\" alt=\"\" class=\"wp-image-38014\"\/><\/figure>\n\n\n\n<p><\/p>\n\n\n\n<h2 class=\"wp-block-heading\">Al\u00e9m da embriaguez, o homem <strong>n\u00e3o possu\u00eda carteira de habilita\u00e7\u00e3o<\/strong> e o ve\u00edculo apresentava <strong>d\u00e9bitos junto ao Detran<\/strong>, o que resultou na apreens\u00e3o do autom\u00f3vel, posteriormente recolhido ao p\u00e1tio da unidade policial.<\/h2>\n\n\n\n<p><\/p>\n\n\n\n<p>O condutor recebeu voz de pris\u00e3o e foi encaminhado \u00e0 <strong>4\u00aa Subdivis\u00e3o Policial de Uni\u00e3o da Vit\u00f3ria<\/strong>, onde permanece \u00e0 disposi\u00e7\u00e3o da Justi\u00e7a.<\/p>\n\n\n\n<figure class=\"wp-block-image size-full\"><img loading=\"lazy\" decoding=\"async\" width=\"300\" height=\"180\" src=\"https:\/\/radiostudiow.com.br\/site\/wp-content\/uploads\/2025\/05\/Avenida-BIKE.jpg\" alt=\"\" class=\"wp-image-37992\"\/><\/figure>\n\n\n\n<p><\/p>\n\n\n\n<p><strong>A Pol\u00edcia Militar refor\u00e7a a import\u00e2ncia da condu\u00e7\u00e3o respons\u00e1vel e alerta para os riscos da combina\u00e7\u00e3o entre \u00e1lcool e dire\u00e7\u00e3o.<\/strong><\/p>\n\n\n\n<h2 class=\"wp-block-heading\">Informa\u00e7\u00f5es: 27\u00ba BPM \/ 3\u00ba Pelot\u00e3o Cabo Abr\u00e3o Kanclarovicz<\/h2>\n\n\n\n<p><\/p>\n","protected":false},"excerpt":{"rendered":"<p>Al\u00e9m da embriaguez, o homem n\u00e3o possu\u00eda carteira de habilita\u00e7\u00e3o e o ve\u00edculo apresentava d\u00e9bitos junto ao Detran Um homem foi preso por embriaguez ao volante no in\u00edcio da noite desta sexta-feira (16), por volta das 18h45, na \u00e1rea central aqui da cidade de Mallet (PR). A abordagem foi realizada pela equipe da Patrulha Rural [&hellip;]<\/p>\n","protected":false},"author":2,"featured_media":38289,"comment_status":"open","ping_status":"open","sticky":false,"template":"","format":"standard","meta":{"footnotes":""},"categories":[184],"tags":[172],"class_list":["post-38288","post","type-post","status-publish","format-standard","has-post-thumbnail","hentry","category-local","tag-featured"],"amp_enabled":true,"_links":{"self":[{"href":"https:\/\/radiostudiow.com.br\/site\/wp-json\/wp\/v2\/posts\/38288","targetHints":{"allow":["GET"]}}],"collection":[{"href":"https:\/\/radiostudiow.com.br\/site\/wp-json\/wp\/v2\/posts"}],"about":[{"href":"https:\/\/radiostudiow.com.br\/site\/wp-json\/wp\/v2\/types\/post"}],"author":[{"embeddable":true,"href":"https:\/\/radiostudiow.com.br\/site\/wp-json\/wp\/v2\/users\/2"}],"replies":[{"embeddable":true,"href":"https:\/\/radiostudiow.com.br\/site\/wp-json\/wp\/v2\/comments?post=38288"}],"version-history":[{"count":1,"href":"https:\/\/radiostudiow.com.br\/site\/wp-json\/wp\/v2\/posts\/38288\/revisions"}],"predecessor-version":[{"id":38290,"href":"https:\/\/radiostudiow.com.br\/site\/wp-json\/wp\/v2\/posts\/38288\/revisions\/38290"}],"wp:featuredmedia":[{"embeddable":true,"href":"https:\/\/radiostudiow.com.br\/site\/wp-json\/wp\/v2\/media\/38289"}],"wp:attachment":[{"href":"https:\/\/radiostudiow.com.br\/site\/wp-json\/wp\/v2\/media?parent=38288"}],"wp:term":[{"taxonomy":"category","embeddable":true,"href":"https:\/\/radiostudiow.com.br\/site\/wp-json\/wp\/v2\/categories?post=38288"},{"taxonomy":"post_tag","embeddable":true,"href":"https:\/\/radiostudiow.com.br\/site\/wp-json\/wp\/v2\/tags?post=38288"}],"curies":[{"name":"wp","href":"https:\/\/api.w.org\/{rel}","templated":true}]}}