{"id":38291,"date":"2025-05-17T12:05:25","date_gmt":"2025-05-17T15:05:25","guid":{"rendered":"https:\/\/radiostudiow.com.br\/site\/?p=38291"},"modified":"2025-05-17T12:07:43","modified_gmt":"2025-05-17T15:07:43","slug":"incendio-em-auto-eletrica-mobiliza-bombeiros-e-atinge-tres-veiculos-em-irati","status":"publish","type":"post","link":"https:\/\/radiostudiow.com.br\/site\/2025\/05\/17\/incendio-em-auto-eletrica-mobiliza-bombeiros-e-atinge-tres-veiculos-em-irati\/","title":{"rendered":"Inc\u00eandio em Auto El\u00e9trica mobiliza Bombeiros e atinge tr\u00eas ve\u00edculos em Irati"},"content":{"rendered":"\n<figure class=\"wp-block-image size-full\"><img loading=\"lazy\" decoding=\"async\" width=\"897\" height=\"204\" src=\"https:\/\/radiostudiow.com.br\/site\/wp-content\/uploads\/2025\/03\/image-62.png\" alt=\"\" class=\"wp-image-35859\" srcset=\"https:\/\/radiostudiow.com.br\/site\/wp-content\/uploads\/2025\/03\/image-62.png 897w, https:\/\/radiostudiow.com.br\/site\/wp-content\/uploads\/2025\/03\/image-62-300x68.png 300w, https:\/\/radiostudiow.com.br\/site\/wp-content\/uploads\/2025\/03\/image-62-768x175.png 768w\" sizes=\"auto, (max-width: 897px) 100vw, 897px\" \/><\/figure>\n\n\n\n<p>Na tarde desta sexta-feira (16), um inc\u00eandio atingiu a garagem de uma auto el\u00e9trica localizada na Avenida Presidente Get\u00falio Vargas, em Irati. O fogo teve in\u00edcio em um ve\u00edculo estacionado nos fundos do im\u00f3vel e rapidamente se alastrou, atingindo outros dois autom\u00f3veis pr\u00f3ximos e parte da estrutura da edifica\u00e7\u00e3o.<\/p>\n\n\n\n<p>Segundo informa\u00e7\u00f5es do Corpo de Bombeiros, o foco do inc\u00eandio comprometeu cerca de 40 m\u00b2 da \u00e1rea da garagem, que faz parte de uma estrutura total de aproximadamente 100 m\u00b2. Moradores vizinhos, ao perceberem as chamas, tentaram conter o fogo com o uso de mangueiras de jardim. Em uma a\u00e7\u00e3o r\u00e1pida, arrombaram a porta dos fundos do estabelecimento e quebraram uma porta de vidro na parte frontal para retirar um ve\u00edculo que ainda n\u00e3o havia sido atingido pelas chamas.<\/p>\n\n\n\n<figure class=\"wp-block-image size-large\"><img loading=\"lazy\" decoding=\"async\" width=\"1024\" height=\"519\" src=\"https:\/\/radiostudiow.com.br\/site\/wp-content\/uploads\/2025\/05\/image-77-1024x519.png\" alt=\"\" class=\"wp-image-38292\" srcset=\"https:\/\/radiostudiow.com.br\/site\/wp-content\/uploads\/2025\/05\/image-77-1024x519.png 1024w, https:\/\/radiostudiow.com.br\/site\/wp-content\/uploads\/2025\/05\/image-77-300x152.png 300w, https:\/\/radiostudiow.com.br\/site\/wp-content\/uploads\/2025\/05\/image-77-768x389.png 768w, https:\/\/radiostudiow.com.br\/site\/wp-content\/uploads\/2025\/05\/image-77-1536x779.png 1536w, https:\/\/radiostudiow.com.br\/site\/wp-content\/uploads\/2025\/05\/image-77.png 1600w\" sizes=\"auto, (max-width: 1024px) 100vw, 1024px\" \/><\/figure>\n\n\n\n<figure class=\"wp-block-image size-full\"><img loading=\"lazy\" decoding=\"async\" width=\"897\" height=\"204\" src=\"https:\/\/radiostudiow.com.br\/site\/wp-content\/uploads\/2025\/02\/SITE-GRANDE7.png\" alt=\"\" class=\"wp-image-33861\" srcset=\"https:\/\/radiostudiow.com.br\/site\/wp-content\/uploads\/2025\/02\/SITE-GRANDE7.png 897w, https:\/\/radiostudiow.com.br\/site\/wp-content\/uploads\/2025\/02\/SITE-GRANDE7-300x68.png 300w, https:\/\/radiostudiow.com.br\/site\/wp-content\/uploads\/2025\/02\/SITE-GRANDE7-768x175.png 768w\" sizes=\"auto, (max-width: 897px) 100vw, 897px\" \/><\/figure>\n\n\n\n<p>A equipe dos bombeiros chegou ao local e iniciou o combate ao fogo com uma linha de \u00e1gua armada. Ap\u00f3s o controle total das chamas, foi realizado o rescaldo para evitar reigni\u00e7\u00e3o e foram prestadas orienta\u00e7\u00f5es ao propriet\u00e1rio do local, que ficou respons\u00e1vel pelo im\u00f3vel.<\/p>\n\n\n\n<p>Apesar dos danos materiais, ningu\u00e9m ficou ferido. As causas do inc\u00eandio ainda ser\u00e3o investigadas pelas autoridades competentes. O incidente chama aten\u00e7\u00e3o para os cuidados necess\u00e1rios com instala\u00e7\u00f5es el\u00e9tricas e inflam\u00e1veis em oficinas e auto el\u00e9tricas.<\/p>\n\n\n\n<p><em>Com informa\u00e7\u00f5es e foto do Corpo de Bombeiros.<\/em><\/p>\n\n\n\n<p><a href=\"https:\/\/api.whatsapp.com\/send?text=Inc%C3%AAndio%20em%20Auto%20El%C3%A9trica%20mobiliza%20Bombeiros%20e%20atinge%20tr%C3%AAs%20ve%C3%ADculos%20em%20Irati%20-%20https:\/\/alvoradanoar.com.br\/noticia\/707357\" target=\"_blank\" rel=\"noreferrer noopener\"><\/a><\/p>\n","protected":false},"excerpt":{"rendered":"<p>Na tarde desta sexta-feira (16), um inc\u00eandio atingiu a garagem de uma auto el\u00e9trica localizada na Avenida Presidente Get\u00falio Vargas, em Irati. O fogo teve in\u00edcio em um ve\u00edculo estacionado nos fundos do im\u00f3vel e rapidamente se alastrou, atingindo outros dois autom\u00f3veis pr\u00f3ximos e parte da estrutura da edifica\u00e7\u00e3o. Segundo informa\u00e7\u00f5es do Corpo de Bombeiros, [&hellip;]<\/p>\n","protected":false},"author":2,"featured_media":38295,"comment_status":"open","ping_status":"open","sticky":false,"template":"","format":"standard","meta":{"footnotes":""},"categories":[185],"tags":[172],"class_list":["post-38291","post","type-post","status-publish","format-standard","has-post-thumbnail","hentry","category-regional","tag-featured"],"amp_enabled":true,"_links":{"self":[{"href":"https:\/\/radiostudiow.com.br\/site\/wp-json\/wp\/v2\/posts\/38291","targetHints":{"allow":["GET"]}}],"collection":[{"href":"https:\/\/radiostudiow.com.br\/site\/wp-json\/wp\/v2\/posts"}],"about":[{"href":"https:\/\/radiostudiow.com.br\/site\/wp-json\/wp\/v2\/types\/post"}],"author":[{"embeddable":true,"href":"https:\/\/radiostudiow.com.br\/site\/wp-json\/wp\/v2\/users\/2"}],"replies":[{"embeddable":true,"href":"https:\/\/radiostudiow.com.br\/site\/wp-json\/wp\/v2\/comments?post=38291"}],"version-history":[{"count":2,"href":"https:\/\/radiostudiow.com.br\/site\/wp-json\/wp\/v2\/posts\/38291\/revisions"}],"predecessor-version":[{"id":38296,"href":"https:\/\/radiostudiow.com.br\/site\/wp-json\/wp\/v2\/posts\/38291\/revisions\/38296"}],"wp:featuredmedia":[{"embeddable":true,"href":"https:\/\/radiostudiow.com.br\/site\/wp-json\/wp\/v2\/media\/38295"}],"wp:attachment":[{"href":"https:\/\/radiostudiow.com.br\/site\/wp-json\/wp\/v2\/media?parent=38291"}],"wp:term":[{"taxonomy":"category","embeddable":true,"href":"https:\/\/radiostudiow.com.br\/site\/wp-json\/wp\/v2\/categories?post=38291"},{"taxonomy":"post_tag","embeddable":true,"href":"https:\/\/radiostudiow.com.br\/site\/wp-json\/wp\/v2\/tags?post=38291"}],"curies":[{"name":"wp","href":"https:\/\/api.w.org\/{rel}","templated":true}]}}