{"id":38301,"date":"2025-05-17T12:30:35","date_gmt":"2025-05-17T15:30:35","guid":{"rendered":"https:\/\/radiostudiow.com.br\/site\/?p=38301"},"modified":"2025-05-17T12:30:35","modified_gmt":"2025-05-17T15:30:35","slug":"motociclista-fica-ferido-apos-atropelar-cachorro-na-br-476-em-sao-mateus-do-sul","status":"publish","type":"post","link":"https:\/\/radiostudiow.com.br\/site\/2025\/05\/17\/motociclista-fica-ferido-apos-atropelar-cachorro-na-br-476-em-sao-mateus-do-sul\/","title":{"rendered":"Motociclista fica ferido ap\u00f3s atropelar cachorro na BR-476 em S\u00e3o Mateus do Sul"},"content":{"rendered":"\n<figure class=\"wp-block-image size-full\"><img loading=\"lazy\" decoding=\"async\" width=\"897\" height=\"204\" src=\"https:\/\/radiostudiow.com.br\/site\/wp-content\/uploads\/2024\/01\/SITE-GRANDE3.png\" alt=\"zaions\" class=\"wp-image-18936\" srcset=\"https:\/\/radiostudiow.com.br\/site\/wp-content\/uploads\/2024\/01\/SITE-GRANDE3.png 897w, https:\/\/radiostudiow.com.br\/site\/wp-content\/uploads\/2024\/01\/SITE-GRANDE3-300x68.png 300w, https:\/\/radiostudiow.com.br\/site\/wp-content\/uploads\/2024\/01\/SITE-GRANDE3-768x175.png 768w\" sizes=\"auto, (max-width: 897px) 100vw, 897px\" \/><\/figure>\n\n\n\n<p>Um motociclista ficou ferido ap\u00f3s atropelar um cachorro na BR-476, na altura do quil\u00f4metro 282, na regi\u00e3o da Col\u00f4nia Igua\u00e7u, em S\u00e3o Mateus do Sul por volta de 19 horas desta sexta-feira (16).<\/p>\n\n\n\n<p>Segundo informa\u00e7\u00f5es do Servi\u00e7o de Atendimento M\u00f3vel com Urg\u00eancia (Samu), o condutor transitava pela rodovia, quando atropelou o animal, perdeu o controle da dire\u00e7\u00e3o e caiu sobre a pista.<\/p>\n\n\n\n<p>A v\u00edtima foi socorrida com escoria\u00e7\u00f5es e ferimentos leves, e encaminhada ao Pronto Atendimento Municipal.<\/p>\n","protected":false},"excerpt":{"rendered":"<p>Um motociclista ficou ferido ap\u00f3s atropelar um cachorro na BR-476, na altura do quil\u00f4metro 282, na regi\u00e3o da Col\u00f4nia Igua\u00e7u, em S\u00e3o Mateus do Sul por volta de 19 horas desta sexta-feira (16). Segundo informa\u00e7\u00f5es do Servi\u00e7o de Atendimento M\u00f3vel com Urg\u00eancia (Samu), o condutor transitava pela rodovia, quando atropelou o animal, perdeu o controle [&hellip;]<\/p>\n","protected":false},"author":2,"featured_media":26843,"comment_status":"open","ping_status":"open","sticky":false,"template":"","format":"standard","meta":{"footnotes":""},"categories":[185],"tags":[172],"class_list":["post-38301","post","type-post","status-publish","format-standard","has-post-thumbnail","hentry","category-regional","tag-featured"],"amp_enabled":true,"_links":{"self":[{"href":"https:\/\/radiostudiow.com.br\/site\/wp-json\/wp\/v2\/posts\/38301","targetHints":{"allow":["GET"]}}],"collection":[{"href":"https:\/\/radiostudiow.com.br\/site\/wp-json\/wp\/v2\/posts"}],"about":[{"href":"https:\/\/radiostudiow.com.br\/site\/wp-json\/wp\/v2\/types\/post"}],"author":[{"embeddable":true,"href":"https:\/\/radiostudiow.com.br\/site\/wp-json\/wp\/v2\/users\/2"}],"replies":[{"embeddable":true,"href":"https:\/\/radiostudiow.com.br\/site\/wp-json\/wp\/v2\/comments?post=38301"}],"version-history":[{"count":1,"href":"https:\/\/radiostudiow.com.br\/site\/wp-json\/wp\/v2\/posts\/38301\/revisions"}],"predecessor-version":[{"id":38302,"href":"https:\/\/radiostudiow.com.br\/site\/wp-json\/wp\/v2\/posts\/38301\/revisions\/38302"}],"wp:featuredmedia":[{"embeddable":true,"href":"https:\/\/radiostudiow.com.br\/site\/wp-json\/wp\/v2\/media\/26843"}],"wp:attachment":[{"href":"https:\/\/radiostudiow.com.br\/site\/wp-json\/wp\/v2\/media?parent=38301"}],"wp:term":[{"taxonomy":"category","embeddable":true,"href":"https:\/\/radiostudiow.com.br\/site\/wp-json\/wp\/v2\/categories?post=38301"},{"taxonomy":"post_tag","embeddable":true,"href":"https:\/\/radiostudiow.com.br\/site\/wp-json\/wp\/v2\/tags?post=38301"}],"curies":[{"name":"wp","href":"https:\/\/api.w.org\/{rel}","templated":true}]}}