{"id":38312,"date":"2025-05-17T15:53:02","date_gmt":"2025-05-17T18:53:02","guid":{"rendered":"https:\/\/radiostudiow.com.br\/site\/?p=38312"},"modified":"2025-05-17T15:53:02","modified_gmt":"2025-05-17T18:53:02","slug":"adolescente-e-flagrado-pilotando-moto-irregular-e-realizando-manobras-perigosas-em-dorizon-distrito-de-mallet","status":"publish","type":"post","link":"https:\/\/radiostudiow.com.br\/site\/2025\/05\/17\/adolescente-e-flagrado-pilotando-moto-irregular-e-realizando-manobras-perigosas-em-dorizon-distrito-de-mallet\/","title":{"rendered":"Adolescente \u00e9 flagrado pilotando moto irregular e realizando manobras perigosas em Dorizon, Distrito de Mallet"},"content":{"rendered":"\n<p><\/p>\n\n\n\n<figure class=\"wp-block-image size-full\"><img loading=\"lazy\" decoding=\"async\" width=\"598\" height=\"204\" src=\"https:\/\/radiostudiow.com.br\/site\/wp-content\/uploads\/2025\/05\/BEAZY.jpg.png\" alt=\"\" class=\"wp-image-38197\" srcset=\"https:\/\/radiostudiow.com.br\/site\/wp-content\/uploads\/2025\/05\/BEAZY.jpg.png 598w, https:\/\/radiostudiow.com.br\/site\/wp-content\/uploads\/2025\/05\/BEAZY.jpg-300x102.png 300w\" sizes=\"auto, (max-width: 598px) 100vw, 598px\" \/><\/figure>\n\n\n\n<p><\/p>\n\n\n\n<p>Nesta sext-feira (16), a Pol\u00edcia Militar de Mallet atendeu a uma ocorr\u00eancia no <strong>Distrito de Dorizon,<\/strong> ap\u00f3s receber den\u00fancias de que dois motociclistas estariam realizando <strong>manobras perigosas<\/strong> com suas motocicletas na Rua Esperan\u00e7a.<\/p>\n\n\n\n<p>Segundo a solicita\u00e7\u00e3o, os ve\u00edculos eram ocupados por <strong>quatro indiv\u00edduos<\/strong>, o que aumentava o risco \u00e0 seguran\u00e7a de moradores e pedestres da regi\u00e3o.<\/p>\n\n\n\n<h2 class=\"wp-block-heading\">Ao chegar ao local, a equipe policial identificou e abordou um dos suspeitos, um <strong>adolescente de apenas 17 anos<\/strong>, em frente a um armaz\u00e9m.<\/h2>\n\n\n\n<p><\/p>\n\n\n\n<figure class=\"wp-block-image size-full\"><img loading=\"lazy\" decoding=\"async\" width=\"897\" height=\"204\" src=\"https:\/\/radiostudiow.com.br\/site\/wp-content\/uploads\/2025\/03\/image-62.png\" alt=\"\" class=\"wp-image-35859\" srcset=\"https:\/\/radiostudiow.com.br\/site\/wp-content\/uploads\/2025\/03\/image-62.png 897w, https:\/\/radiostudiow.com.br\/site\/wp-content\/uploads\/2025\/03\/image-62-300x68.png 300w, https:\/\/radiostudiow.com.br\/site\/wp-content\/uploads\/2025\/03\/image-62-768x175.png 768w\" sizes=\"auto, (max-width: 897px) 100vw, 897px\" \/><\/figure>\n\n\n\n<p><\/p>\n\n\n\n<p>Durante a fiscaliza\u00e7\u00e3o, os policiais constataram diversas <strong>irregularidades no ve\u00edculo<\/strong>, como escapamento adulterado, sistema de sinaliza\u00e7\u00e3o alterado e aus\u00eancia de espelhos retrovisores.<\/p>\n\n\n\n<h2 class=\"wp-block-heading\">Al\u00e9m das infra\u00e7\u00f5es, o adolescente \u00e9 claro <strong>n\u00e3o possu\u00eda habilita\u00e7\u00e3o<\/strong> para conduzir o ve\u00edculo. Como <strong>n\u00e3o foi apresentado um condutor habilitado no local em tempo h\u00e1bil<\/strong>, a motocicleta foi <strong>apreendida<\/strong> e recolhida ao p\u00e1tio conforme previsto em lei.<\/h2>\n\n\n\n<p><\/p>\n\n\n\n<figure class=\"wp-block-image size-full is-resized\"><img loading=\"lazy\" decoding=\"async\" width=\"300\" height=\"180\" src=\"https:\/\/radiostudiow.com.br\/site\/wp-content\/uploads\/2025\/04\/DAIANE.png\" alt=\"\" class=\"wp-image-37227\" style=\"width:449px;height:auto\"\/><\/figure>\n\n\n\n<p><\/p>\n\n\n\n<p>A Pol\u00edcia Militar lavrou as <strong>notifica\u00e7\u00f5es cab\u00edveis<\/strong> e refor\u00e7a que a\u00e7\u00f5es de fiscaliza\u00e7\u00e3o seguir\u00e3o sendo intensificadas nos Distritos de Dorizon e Rio Claro do Sul e \u00e1reas urbanas do munic\u00edpio, com o objetivo de garantir a seguran\u00e7a no tr\u00e2nsito e coibir pr\u00e1ticas ilegais.<\/p>\n\n\n\n<h2 class=\"wp-block-heading\">Informa\u00e7\u00f5es: 27\u00ba BPM \/ 3\u00ba  Pelot\u00e3o Abr\u00e3o Kanclarovicz<\/h2>\n\n\n\n<p><\/p>\n","protected":false},"excerpt":{"rendered":"<p>Nesta sext-feira (16), a Pol\u00edcia Militar de Mallet atendeu a uma ocorr\u00eancia no Distrito de Dorizon, ap\u00f3s receber den\u00fancias de que dois motociclistas estariam realizando manobras perigosas com suas motocicletas na Rua Esperan\u00e7a. Segundo a solicita\u00e7\u00e3o, os ve\u00edculos eram ocupados por quatro indiv\u00edduos, o que aumentava o risco \u00e0 seguran\u00e7a de moradores e pedestres da [&hellip;]<\/p>\n","protected":false},"author":2,"featured_media":38313,"comment_status":"open","ping_status":"open","sticky":false,"template":"","format":"standard","meta":{"footnotes":""},"categories":[184],"tags":[172],"class_list":["post-38312","post","type-post","status-publish","format-standard","has-post-thumbnail","hentry","category-local","tag-featured"],"amp_enabled":true,"_links":{"self":[{"href":"https:\/\/radiostudiow.com.br\/site\/wp-json\/wp\/v2\/posts\/38312","targetHints":{"allow":["GET"]}}],"collection":[{"href":"https:\/\/radiostudiow.com.br\/site\/wp-json\/wp\/v2\/posts"}],"about":[{"href":"https:\/\/radiostudiow.com.br\/site\/wp-json\/wp\/v2\/types\/post"}],"author":[{"embeddable":true,"href":"https:\/\/radiostudiow.com.br\/site\/wp-json\/wp\/v2\/users\/2"}],"replies":[{"embeddable":true,"href":"https:\/\/radiostudiow.com.br\/site\/wp-json\/wp\/v2\/comments?post=38312"}],"version-history":[{"count":1,"href":"https:\/\/radiostudiow.com.br\/site\/wp-json\/wp\/v2\/posts\/38312\/revisions"}],"predecessor-version":[{"id":38314,"href":"https:\/\/radiostudiow.com.br\/site\/wp-json\/wp\/v2\/posts\/38312\/revisions\/38314"}],"wp:featuredmedia":[{"embeddable":true,"href":"https:\/\/radiostudiow.com.br\/site\/wp-json\/wp\/v2\/media\/38313"}],"wp:attachment":[{"href":"https:\/\/radiostudiow.com.br\/site\/wp-json\/wp\/v2\/media?parent=38312"}],"wp:term":[{"taxonomy":"category","embeddable":true,"href":"https:\/\/radiostudiow.com.br\/site\/wp-json\/wp\/v2\/categories?post=38312"},{"taxonomy":"post_tag","embeddable":true,"href":"https:\/\/radiostudiow.com.br\/site\/wp-json\/wp\/v2\/tags?post=38312"}],"curies":[{"name":"wp","href":"https:\/\/api.w.org\/{rel}","templated":true}]}}