{"id":38315,"date":"2025-05-19T09:39:25","date_gmt":"2025-05-19T12:39:25","guid":{"rendered":"https:\/\/radiostudiow.com.br\/site\/?p=38315"},"modified":"2025-05-19T09:39:25","modified_gmt":"2025-05-19T12:39:25","slug":"policia-militar-de-uniao-da-vitoria-atende-ocorrencia-de-violencia-domestica","status":"publish","type":"post","link":"https:\/\/radiostudiow.com.br\/site\/2025\/05\/19\/policia-militar-de-uniao-da-vitoria-atende-ocorrencia-de-violencia-domestica\/","title":{"rendered":"Pol\u00edcia Militar de Uni\u00e3o da Vit\u00f3ria atende ocorr\u00eancia de viol\u00eancia dom\u00e9stica"},"content":{"rendered":"\n<figure class=\"wp-block-image size-full\"><img loading=\"lazy\" decoding=\"async\" width=\"598\" height=\"204\" src=\"https:\/\/radiostudiow.com.br\/site\/wp-content\/uploads\/2025\/01\/SITE-MEDIO3.png\" alt=\"\" class=\"wp-image-32815\" srcset=\"https:\/\/radiostudiow.com.br\/site\/wp-content\/uploads\/2025\/01\/SITE-MEDIO3.png 598w, https:\/\/radiostudiow.com.br\/site\/wp-content\/uploads\/2025\/01\/SITE-MEDIO3-300x102.png 300w\" sizes=\"auto, (max-width: 598px) 100vw, 598px\" \/><\/figure>\n\n\n\n<p>A equipe da Pol\u00edcia Militar de Uni\u00e3o da Vit\u00f3ria foi acionada para verificar uma situa\u00e7\u00e3o de amea\u00e7a no bairro Rio D&#8217;Areia por volta das 08 horas desse s\u00e1bado (17).<\/p>\n\n\n\n<p>No local, os policiais encontraram os envolvidos em vias de fato em frente a uma resid\u00eancia. A v\u00edtima relatou que foi at\u00e9 a casa de sua amiga, irm\u00e3 do autor, quando ele se exaltou e passou a amea\u00e7ar ambas com uma faca.<\/p>\n\n\n\n<p>As solicitantes conseguiram cont\u00ea-lo, mas houve agress\u00f5es m\u00fatuas. Uma das v\u00edtimas teve arranh\u00f5es no rosto, enquanto sua amiga sofreu uma les\u00e3o no bra\u00e7o.<\/p>\n\n\n\n<figure class=\"wp-block-image size-full\"><img loading=\"lazy\" decoding=\"async\" width=\"300\" height=\"180\" src=\"https:\/\/radiostudiow.com.br\/site\/wp-content\/uploads\/2025\/05\/Avenida-BIKE.jpg\" alt=\"\" class=\"wp-image-37992\"\/><\/figure>\n\n\n\n<p>Durante a abordagem, o indiv\u00edduo estava agressivo, desobedeceu \u00e0s ordens da equipe, proferiu amea\u00e7as de morte contra as v\u00edtimas e ofensas aos policiais.<\/p>\n\n\n\n<p>Foi dada voz de pris\u00e3o, mas ele resistiu com chutes e empurr\u00f5es, sendo necess\u00e1rio o uso de t\u00e9cnicas de imobiliza\u00e7\u00e3o. Diante do exposto, todos foram levados \u00e0 UPA e, posteriormente, \u00e0 4\u00aa SDP para as provid\u00eancias cab\u00edveis.<\/p>\n","protected":false},"excerpt":{"rendered":"<p>A equipe da Pol\u00edcia Militar de Uni\u00e3o da Vit\u00f3ria foi acionada para verificar uma situa\u00e7\u00e3o de amea\u00e7a no bairro Rio D&#8217;Areia por volta das 08 horas desse s\u00e1bado (17). No local, os policiais encontraram os envolvidos em vias de fato em frente a uma resid\u00eancia. A v\u00edtima relatou que foi at\u00e9 a casa de sua [&hellip;]<\/p>\n","protected":false},"author":2,"featured_media":33000,"comment_status":"open","ping_status":"open","sticky":false,"template":"","format":"standard","meta":{"footnotes":""},"categories":[2],"tags":[172],"class_list":["post-38315","post","type-post","status-publish","format-standard","has-post-thumbnail","hentry","category-policial","tag-featured"],"amp_enabled":true,"_links":{"self":[{"href":"https:\/\/radiostudiow.com.br\/site\/wp-json\/wp\/v2\/posts\/38315","targetHints":{"allow":["GET"]}}],"collection":[{"href":"https:\/\/radiostudiow.com.br\/site\/wp-json\/wp\/v2\/posts"}],"about":[{"href":"https:\/\/radiostudiow.com.br\/site\/wp-json\/wp\/v2\/types\/post"}],"author":[{"embeddable":true,"href":"https:\/\/radiostudiow.com.br\/site\/wp-json\/wp\/v2\/users\/2"}],"replies":[{"embeddable":true,"href":"https:\/\/radiostudiow.com.br\/site\/wp-json\/wp\/v2\/comments?post=38315"}],"version-history":[{"count":1,"href":"https:\/\/radiostudiow.com.br\/site\/wp-json\/wp\/v2\/posts\/38315\/revisions"}],"predecessor-version":[{"id":38316,"href":"https:\/\/radiostudiow.com.br\/site\/wp-json\/wp\/v2\/posts\/38315\/revisions\/38316"}],"wp:featuredmedia":[{"embeddable":true,"href":"https:\/\/radiostudiow.com.br\/site\/wp-json\/wp\/v2\/media\/33000"}],"wp:attachment":[{"href":"https:\/\/radiostudiow.com.br\/site\/wp-json\/wp\/v2\/media?parent=38315"}],"wp:term":[{"taxonomy":"category","embeddable":true,"href":"https:\/\/radiostudiow.com.br\/site\/wp-json\/wp\/v2\/categories?post=38315"},{"taxonomy":"post_tag","embeddable":true,"href":"https:\/\/radiostudiow.com.br\/site\/wp-json\/wp\/v2\/tags?post=38315"}],"curies":[{"name":"wp","href":"https:\/\/api.w.org\/{rel}","templated":true}]}}