{"id":3832,"date":"2021-09-27T15:59:03","date_gmt":"2021-09-27T18:59:03","guid":{"rendered":"https:\/\/radiostudiow.com.br\/site\/?p=3832"},"modified":"2025-01-31T15:12:27","modified_gmt":"2025-01-31T18:12:27","slug":"motocicleta-e-furtada-em-cruz-machado","status":"publish","type":"post","link":"https:\/\/radiostudiow.com.br\/site\/2021\/09\/27\/motocicleta-e-furtada-em-cruz-machado\/","title":{"rendered":"Motocicleta \u00e9 furtada em Cruz Machado"},"content":{"rendered":"\n<p>Uma motocicleta Honda\/CG 125 Fan de cor cinza com placas MEM-4794, foi furtada durante o fim de semana, no bairro S\u00e3o Jos\u00e9, na cidade de Cruz Machado. O propriet\u00e1rio procurou a Pol\u00edcia e registrou o caso.<\/p>\n\n\n\n<p>De acordo com informa\u00e7\u00f5es, o furtou ocorreu no s\u00e1bado, dia 25 de setembro, aonde o morador de Cruz Machado tinha deixado a moto estacionada por volta das 13 horas e quando retornar para pegar a mesma, j\u00e1 por volta das 14 horas, constatou que ela havia sido furtada.<\/p>\n\n\n\n<p>O morador fez buscas em alguns pontos e registrou o caso na Pol\u00edcia, sendo orientado quanto aos procedimentos cab\u00edveis. Ele tamb\u00e9m relatou n\u00e3o ter ideia de que possa ter sido respons\u00e1vel pelo furto.<\/p>\n\n\n\n<figure class=\"wp-block-image size-full\"><img decoding=\"async\" src=\"https:\/\/radiostudiow.com.br\/site\/wp-content\/uploads\/2021\/08\/240387432_2992083691066122_4820772207429196742_n.jpg\" alt=\"\" class=\"wp-image-3380\"\/><\/figure>\n","protected":false},"excerpt":{"rendered":"<p>Uma motocicleta Honda\/CG 125 Fan de cor cinza com placas MEM-4794, foi furtada durante o fim de semana, no bairro S\u00e3o Jos\u00e9, na cidade de Cruz Machado. O propriet\u00e1rio procurou a Pol\u00edcia e registrou o caso. De acordo com informa\u00e7\u00f5es, o furtou ocorreu no s\u00e1bado, dia 25 de setembro, aonde o morador de Cruz Machado [&hellip;]<\/p>\n","protected":false},"author":2,"featured_media":3833,"comment_status":"open","ping_status":"open","sticky":false,"template":"","format":"standard","meta":{"footnotes":""},"categories":[2],"tags":[172],"class_list":["post-3832","post","type-post","status-publish","format-standard","has-post-thumbnail","hentry","category-policial","tag-featured"],"amp_enabled":true,"_links":{"self":[{"href":"https:\/\/radiostudiow.com.br\/site\/wp-json\/wp\/v2\/posts\/3832","targetHints":{"allow":["GET"]}}],"collection":[{"href":"https:\/\/radiostudiow.com.br\/site\/wp-json\/wp\/v2\/posts"}],"about":[{"href":"https:\/\/radiostudiow.com.br\/site\/wp-json\/wp\/v2\/types\/post"}],"author":[{"embeddable":true,"href":"https:\/\/radiostudiow.com.br\/site\/wp-json\/wp\/v2\/users\/2"}],"replies":[{"embeddable":true,"href":"https:\/\/radiostudiow.com.br\/site\/wp-json\/wp\/v2\/comments?post=3832"}],"version-history":[{"count":1,"href":"https:\/\/radiostudiow.com.br\/site\/wp-json\/wp\/v2\/posts\/3832\/revisions"}],"predecessor-version":[{"id":3834,"href":"https:\/\/radiostudiow.com.br\/site\/wp-json\/wp\/v2\/posts\/3832\/revisions\/3834"}],"wp:featuredmedia":[{"embeddable":true,"href":"https:\/\/radiostudiow.com.br\/site\/wp-json\/wp\/v2\/media\/3833"}],"wp:attachment":[{"href":"https:\/\/radiostudiow.com.br\/site\/wp-json\/wp\/v2\/media?parent=3832"}],"wp:term":[{"taxonomy":"category","embeddable":true,"href":"https:\/\/radiostudiow.com.br\/site\/wp-json\/wp\/v2\/categories?post=3832"},{"taxonomy":"post_tag","embeddable":true,"href":"https:\/\/radiostudiow.com.br\/site\/wp-json\/wp\/v2\/tags?post=3832"}],"curies":[{"name":"wp","href":"https:\/\/api.w.org\/{rel}","templated":true}]}}