{"id":38322,"date":"2025-05-19T09:54:31","date_gmt":"2025-05-19T12:54:31","guid":{"rendered":"https:\/\/radiostudiow.com.br\/site\/?p=38322"},"modified":"2025-05-19T09:54:31","modified_gmt":"2025-05-19T12:54:31","slug":"policia-apreende-drogas-e-arma-em-residencia-de-general-carneiro","status":"publish","type":"post","link":"https:\/\/radiostudiow.com.br\/site\/2025\/05\/19\/policia-apreende-drogas-e-arma-em-residencia-de-general-carneiro\/","title":{"rendered":"Pol\u00edcia apreende drogas e arma em resid\u00eancia de General Carneiro"},"content":{"rendered":"\n<figure class=\"wp-block-image size-full\"><img loading=\"lazy\" decoding=\"async\" width=\"300\" height=\"180\" src=\"https:\/\/radiostudiow.com.br\/site\/wp-content\/uploads\/2025\/01\/SITE-PEQUENO.png\" alt=\"\" class=\"wp-image-32833\"\/><\/figure>\n\n\n\n<p>A equipe da ROTAM recebeu uma den\u00fancia sobre uma resid\u00eancia no\u00a0bairro S\u00e3o Jo\u00e3o, em General Carneiro, que estaria sendo utilizada para o tr\u00e1fico de drogas por volta das 18 horas deste s\u00e1bado (17).<\/p>\n\n\n\n<p>Ao chegar ao local, os policiais visualizaram um indiv\u00edduo que, ao perceber a aproxima\u00e7\u00e3o da equipe, tentou fugir e dispensou um objeto nos fundos do im\u00f3vel. Ele foi alcan\u00e7ado e abordado, e nada de il\u00edcito foi encontrado em sua posse.<\/p>\n\n\n\n<figure class=\"wp-block-image size-full\"><img loading=\"lazy\" decoding=\"async\" width=\"598\" height=\"204\" src=\"https:\/\/radiostudiow.com.br\/site\/wp-content\/uploads\/2025\/05\/POLAK.png\" alt=\"\" class=\"wp-image-37847\" srcset=\"https:\/\/radiostudiow.com.br\/site\/wp-content\/uploads\/2025\/05\/POLAK.png 598w, https:\/\/radiostudiow.com.br\/site\/wp-content\/uploads\/2025\/05\/POLAK-300x102.png 300w\" sizes=\"auto, (max-width: 598px) 100vw, 598px\" \/><\/figure>\n\n\n\n<p>No entanto, o objeto dispensado tratava-se de um tablete de subst\u00e2ncia an\u00e1loga \u00e0 maconha. Durante as dilig\u00eancias, tamb\u00e9m foram localizados uma arma de fogo e uma balan\u00e7a de precis\u00e3o.<\/p>\n\n\n\n<p>Diante dos fatos, a ocorr\u00eancia foi encaminhada \u00e0 Delegacia de Pol\u00edcia Civilpara as provid\u00eancias cab\u00edveis.<\/p>\n","protected":false},"excerpt":{"rendered":"<p>A equipe da ROTAM recebeu uma den\u00fancia sobre uma resid\u00eancia no\u00a0bairro S\u00e3o Jo\u00e3o, em General Carneiro, que estaria sendo utilizada para o tr\u00e1fico de drogas por volta das 18 horas deste s\u00e1bado (17). Ao chegar ao local, os policiais visualizaram um indiv\u00edduo que, ao perceber a aproxima\u00e7\u00e3o da equipe, tentou fugir e dispensou um objeto [&hellip;]<\/p>\n","protected":false},"author":2,"featured_media":38323,"comment_status":"open","ping_status":"open","sticky":false,"template":"","format":"standard","meta":{"footnotes":""},"categories":[2],"tags":[172],"class_list":["post-38322","post","type-post","status-publish","format-standard","has-post-thumbnail","hentry","category-policial","tag-featured"],"amp_enabled":true,"_links":{"self":[{"href":"https:\/\/radiostudiow.com.br\/site\/wp-json\/wp\/v2\/posts\/38322","targetHints":{"allow":["GET"]}}],"collection":[{"href":"https:\/\/radiostudiow.com.br\/site\/wp-json\/wp\/v2\/posts"}],"about":[{"href":"https:\/\/radiostudiow.com.br\/site\/wp-json\/wp\/v2\/types\/post"}],"author":[{"embeddable":true,"href":"https:\/\/radiostudiow.com.br\/site\/wp-json\/wp\/v2\/users\/2"}],"replies":[{"embeddable":true,"href":"https:\/\/radiostudiow.com.br\/site\/wp-json\/wp\/v2\/comments?post=38322"}],"version-history":[{"count":1,"href":"https:\/\/radiostudiow.com.br\/site\/wp-json\/wp\/v2\/posts\/38322\/revisions"}],"predecessor-version":[{"id":38324,"href":"https:\/\/radiostudiow.com.br\/site\/wp-json\/wp\/v2\/posts\/38322\/revisions\/38324"}],"wp:featuredmedia":[{"embeddable":true,"href":"https:\/\/radiostudiow.com.br\/site\/wp-json\/wp\/v2\/media\/38323"}],"wp:attachment":[{"href":"https:\/\/radiostudiow.com.br\/site\/wp-json\/wp\/v2\/media?parent=38322"}],"wp:term":[{"taxonomy":"category","embeddable":true,"href":"https:\/\/radiostudiow.com.br\/site\/wp-json\/wp\/v2\/categories?post=38322"},{"taxonomy":"post_tag","embeddable":true,"href":"https:\/\/radiostudiow.com.br\/site\/wp-json\/wp\/v2\/tags?post=38322"}],"curies":[{"name":"wp","href":"https:\/\/api.w.org\/{rel}","templated":true}]}}