{"id":38328,"date":"2025-05-19T10:06:03","date_gmt":"2025-05-19T13:06:03","guid":{"rendered":"https:\/\/radiostudiow.com.br\/site\/?p=38328"},"modified":"2025-05-19T10:06:16","modified_gmt":"2025-05-19T13:06:16","slug":"homem-e-detido-por-furto-de-egua-durante-rodeio","status":"publish","type":"post","link":"https:\/\/radiostudiow.com.br\/site\/2025\/05\/19\/homem-e-detido-por-furto-de-egua-durante-rodeio\/","title":{"rendered":"Homem \u00e9 detido por furto de \u00e9gua durante rodeio em General Carneiro"},"content":{"rendered":"\n<p>Durante patrulhamento pela \u00e1rea central de General Carneiro, uma equipe da Pol\u00edcia Militar flagrou populares tentando retirar \u00e0 for\u00e7a uma \u00e9gua de um homem.<\/p>\n\n\n\n<p>O caso ocorreu por volta das 20h11min desse s\u00e1bado (17).<\/p>\n\n\n\n<figure class=\"wp-block-image size-full\"><img loading=\"lazy\" decoding=\"async\" width=\"897\" height=\"204\" src=\"https:\/\/radiostudiow.com.br\/site\/wp-content\/uploads\/2025\/01\/SITE-GRANDE2.png\" alt=\"\" class=\"wp-image-32805\" srcset=\"https:\/\/radiostudiow.com.br\/site\/wp-content\/uploads\/2025\/01\/SITE-GRANDE2.png 897w, https:\/\/radiostudiow.com.br\/site\/wp-content\/uploads\/2025\/01\/SITE-GRANDE2-300x68.png 300w, https:\/\/radiostudiow.com.br\/site\/wp-content\/uploads\/2025\/01\/SITE-GRANDE2-768x175.png 768w\" sizes=\"auto, (max-width: 897px) 100vw, 897px\" \/><\/figure>\n\n\n\n<p>Segundo relatos, o suspeito teria furtado o animal durante um rodeio realizado na cidade. Ap\u00f3s abordagem e revista pessoal, nada de il\u00edcito foi encontrado com ele.<\/p>\n\n\n\n<p>A v\u00edtima confirmou a propriedade do animal e o furto ocorrido durante o evento. Suspeito e v\u00edtima foram levados \u00e0 delegacia para as medidas legais.<\/p>\n","protected":false},"excerpt":{"rendered":"<p>Durante patrulhamento pela \u00e1rea central de General Carneiro, uma equipe da Pol\u00edcia Militar flagrou populares tentando retirar \u00e0 for\u00e7a uma \u00e9gua de um homem. O caso ocorreu por volta das 20h11min desse s\u00e1bado (17). Segundo relatos, o suspeito teria furtado o animal durante um rodeio realizado na cidade. Ap\u00f3s abordagem e revista pessoal, nada de [&hellip;]<\/p>\n","protected":false},"author":2,"featured_media":32845,"comment_status":"open","ping_status":"open","sticky":false,"template":"","format":"standard","meta":{"footnotes":""},"categories":[2],"tags":[172],"class_list":["post-38328","post","type-post","status-publish","format-standard","has-post-thumbnail","hentry","category-policial","tag-featured"],"amp_enabled":true,"_links":{"self":[{"href":"https:\/\/radiostudiow.com.br\/site\/wp-json\/wp\/v2\/posts\/38328","targetHints":{"allow":["GET"]}}],"collection":[{"href":"https:\/\/radiostudiow.com.br\/site\/wp-json\/wp\/v2\/posts"}],"about":[{"href":"https:\/\/radiostudiow.com.br\/site\/wp-json\/wp\/v2\/types\/post"}],"author":[{"embeddable":true,"href":"https:\/\/radiostudiow.com.br\/site\/wp-json\/wp\/v2\/users\/2"}],"replies":[{"embeddable":true,"href":"https:\/\/radiostudiow.com.br\/site\/wp-json\/wp\/v2\/comments?post=38328"}],"version-history":[{"count":2,"href":"https:\/\/radiostudiow.com.br\/site\/wp-json\/wp\/v2\/posts\/38328\/revisions"}],"predecessor-version":[{"id":38333,"href":"https:\/\/radiostudiow.com.br\/site\/wp-json\/wp\/v2\/posts\/38328\/revisions\/38333"}],"wp:featuredmedia":[{"embeddable":true,"href":"https:\/\/radiostudiow.com.br\/site\/wp-json\/wp\/v2\/media\/32845"}],"wp:attachment":[{"href":"https:\/\/radiostudiow.com.br\/site\/wp-json\/wp\/v2\/media?parent=38328"}],"wp:term":[{"taxonomy":"category","embeddable":true,"href":"https:\/\/radiostudiow.com.br\/site\/wp-json\/wp\/v2\/categories?post=38328"},{"taxonomy":"post_tag","embeddable":true,"href":"https:\/\/radiostudiow.com.br\/site\/wp-json\/wp\/v2\/tags?post=38328"}],"curies":[{"name":"wp","href":"https:\/\/api.w.org\/{rel}","templated":true}]}}